{"id":1142,"date":"2023-03-09T11:19:43","date_gmt":"2023-03-09T11:19:43","guid":{"rendered":"https:\/\/hakotrans.madeinmedia.online\/?p=8484"},"modified":"2023-03-09T11:19:43","modified_gmt":"2023-03-09T11:19:43","slug":"primer-podcast-mudanzas","status":"publish","type":"post","link":"https:\/\/vanderentmudanzas.com\/de\/primer-podcast-mudanzas\/","title":{"rendered":"Lanzamiento del primer podcast de mudanzas en Espa\u00f1a"},"content":{"rendered":"<p>En <a href=\"https:\/\/vanderentmudanzas.com\/\"><strong>van der Ent<\/strong><\/a> estamos de celebraci\u00f3n porque tenemos una <strong>gran noticia<\/strong> que contarte\u2026<\/p>\n<p><strong>\u00a1Hemos lanzado el primer podcast de mudanzas en Espa\u00f1a!<\/strong> Y se llama <strong>Entre cajas y maletas<\/strong>.<\/p>\n<p>As\u00ed que, si est\u00e1s planeando una <strong>mudanza <\/strong>pr\u00f3ximamente, ya sea <strong>local<\/strong>, <strong>nacional<\/strong> o <strong>internacional<\/strong>, qu\u00e9date en este art\u00edculo para conocer todos los detalles sobre el podcast y no pierdas la oportunidad de escucharlo.<\/p>\n<p>\u00a1Sigue leyendo!<\/p>\n<h2>Primer podcast de mudanzas en Espa\u00f1a: Entre cajas y maletas<\/h2>\n<p>Por primera vez en la historia, una <strong>empresa<\/strong> comparte su conocimiento experto para ayudar a hacer una mudanza de forma efectiva y eficiente. En este podcast, Entre cajas y maletas, abordamos una <strong>amplia variedad de temas<\/strong> relacionados con el sector, en el que se incluyen aspectos importantes tales como la <strong>planificaci\u00f3n<\/strong>, el <a href=\"https:\/\/vanderentmudanzas.com\/van der Ent-servicios-extras\/#transporte-de-vehiculos\"><strong>transporte<\/strong><\/a>, la <strong>organizaci\u00f3n<\/strong> <strong>de tu nuevo hogar<\/strong>, el <a href=\"https:\/\/vanderentmudanzas.com\/van der Ent-servicios-extras\/#servicio-de-embalaje\"><strong>embalaje<\/strong><\/a>, entre muchos otros m\u00e1s.<\/p>\n<p>En este sentido, nuestros <strong>profesionales<\/strong> comparten sus experiencias y conocimientos en cada episodio, y responder\u00e1n a las <strong>preguntas frecuentes<\/strong> de nuestros oyentes. Del mismo modo, tendremos <strong>invitados especiales<\/strong> que expondr\u00e1n tambi\u00e9n sus propias experiencias y <strong>consejos<\/strong> \u00fatiles sobre la mudanza.<\/p>\n<p>\u00bfSuena bien verdad?<\/p>\n<p>En Entre cajas y maletas te ofrecemos todo aquello que nunca te han contado o que no sabes d\u00f3nde encontrar, informaci\u00f3n sobre mudanzas de calidad.<\/p>\n<h2>\u00a1Suscr\u00edbete ahora al primer podcast de mudanzas en Espa\u00f1a!<\/h2>\n<p>Nuestro podcast est\u00e1 disponible en las <strong>cuatro plataformas<\/strong> principales: <strong><a href=\"https:\/\/www.ivoox.com\/podcast-entre-cajas-maletas_sq_f11857995_1.html\">Ivoox<\/a>, Google Podcast, <a href=\"https:\/\/podimo.com\/es\/shows\/f7867e03-4137-4961-abc5-91bd603b2f8b\">Podimo<\/a> y <a href=\"https:\/\/open.spotify.com\/show\/1TuXpsppJrLy3ZgreL6DKy\">Spotify<\/a><\/strong>. As\u00ed que, si quieres conocer las <strong>\u00faltimas novedades en mudanzas<\/strong>\u2026 <strong>\u00a1Suscr\u00edbete ahora! <\/strong><\/p>\n<p>No te pierdas esta gran oportunidad de aprender de los expertos de van der Ent para hacer que tu mudanza sea una experiencia de lo m\u00e1s fascinante y sin estr\u00e9s.<\/p>\n<p><strong>\u00a1Te esperamos en Entre cajas y maletas!<\/strong><\/p>\n<p>&nbsp;<\/p>\n<p>&nbsp;<\/p>\n","protected":false},"excerpt":{"rendered":"<p>En van der Ent estamos de celebraci\u00f3n porque tenemos una gran noticia que contarte\u2026 \u00a1Hemos lanzado el primer podcast de mudanzas en Espa\u00f1a! Y se llama Entre cajas y maletas. As\u00ed que, si est\u00e1s planeando una mudanza pr\u00f3ximamente, ya sea local, nacional o internacional, qu\u00e9date en este art\u00edculo para conocer todos los detalles sobre el&hellip; <a class=\"more-link\" href=\"https:\/\/vanderentmudanzas.com\/de\/primer-podcast-mudanzas\/\"><span class=\"screen-reader-text\">Lanzamiento del primer podcast de mudanzas en Espa\u00f1a<\/span> weiterlesen<\/a><\/p>\n","protected":false},"author":1,"featured_media":1143,"comment_status":"open","ping_status":"open","sticky":false,"template":"","format":"standard","meta":{"_joinchat":[],"footnotes":""},"categories":[10,13],"tags":[15,32,29,31,30],"class_list":["post-1142","post","type-post","status-publish","format-standard","has-post-thumbnail","hentry","category-mudanzas","category-vanderEnt","tag-empresa-de-mudanzas","tag-entre-cajas-y-maletas","tag-mudanzas","tag-podcast-mudanzas","tag-traslados","entry"],"_links":{"self":[{"href":"https:\/\/vanderentmudanzas.com\/de\/wp-json\/wp\/v2\/posts\/1142","targetHints":{"allow":["GET"]}}],"collection":[{"href":"https:\/\/vanderentmudanzas.com\/de\/wp-json\/wp\/v2\/posts"}],"about":[{"href":"https:\/\/vanderentmudanzas.com\/de\/wp-json\/wp\/v2\/types\/post"}],"author":[{"embeddable":true,"href":"https:\/\/vanderentmudanzas.com\/de\/wp-json\/wp\/v2\/users\/1"}],"replies":[{"embeddable":true,"href":"https:\/\/vanderentmudanzas.com\/de\/wp-json\/wp\/v2\/comments?post=1142"}],"version-history":[{"count":0,"href":"https:\/\/vanderentmudanzas.com\/de\/wp-json\/wp\/v2\/posts\/1142\/revisions"}],"wp:featuredmedia":[{"embeddable":true,"href":"https:\/\/vanderentmudanzas.com\/de\/wp-json\/wp\/v2\/media\/1143"}],"wp:attachment":[{"href":"https:\/\/vanderentmudanzas.com\/de\/wp-json\/wp\/v2\/media?parent=1142"}],"wp:term":[{"taxonomy":"category","embeddable":true,"href":"https:\/\/vanderentmudanzas.com\/de\/wp-json\/wp\/v2\/categories?post=1142"},{"taxonomy":"post_tag","embeddable":true,"href":"https:\/\/vanderentmudanzas.com\/de\/wp-json\/wp\/v2\/tags?post=1142"}],"curies":[{"name":"wp","href":"https:\/\/api.w.org\/{rel}","templated":true}]}}