{"id":1399,"date":"2018-10-10T16:04:02","date_gmt":"2018-10-10T16:04:02","guid":{"rendered":"https:\/\/hakotrans.madeinmedia.online\/?p=2857"},"modified":"2023-08-18T08:58:46","modified_gmt":"2023-08-18T08:58:46","slug":"mudanzas-espana","status":"publish","type":"post","link":"https:\/\/vanderentmudanzas.com\/de\/mudanzas-espana\/","title":{"rendered":"Mudanza internacional en Espa\u00f1a"},"content":{"rendered":"<h2><strong>\u00bfQuieres hacer una mudanza internacional desde Espa\u00f1a?&nbsp;<\/strong><\/h2>\n<h4>Las mudanzas internacionales entre Espa\u00f1a y Europa son nuestra especialidad.<\/h4>\n<p>En <strong>van der Ent<\/strong> somos especialistas en <strong>mudanzas internacionales en Espa\u00f1a<\/strong> y tambi\u00e9n <a href=\"https:\/\/vanderentmudanzas.com\/mudanzas-locales-y-nacionales\/\">nacionales<\/a> desde 1999. Tenemos rutas directas en Europa. Nuestro equipo es multiling\u00fce y si tu mudanza internacional tiene origen o destino Espa\u00f1a \u00a1podemos ayudarte!<\/p>\n<h2><strong>Nuestros servicios para mudanzas internacionales desde Espa\u00f1a:<\/strong><\/h2>\n<ul>\n<li>Mudanza exclusiva o directa (eliges las fechas de recogida y entrega).<\/li>\n<li>Mudanza semi-combinada (eliges la fecha de recogida, la entrega flexible).<\/li>\n<li>Mudanza combinada o grupaje, la m\u00e1s econ\u00f3mica, las fechas se ajustan a las rutas de van der Ent.<\/li>\n<li>Traslados o mudanzas de particulares y&nbsp;<a href=\"https:\/\/vanderentmudanzas.com\/mudanzas-corporativas\/\">empresas<\/a>.<\/li>\n<li>Peque\u00f1as mudanzas o peque\u00f1os env\u00edos.<\/li>\n<li><a href=\"https:\/\/vanderentmudanzas.com\/van der Ent-servicios-extras\/#servicio-de-embalaje\" target=\"_blank\" rel=\"noopener noreferrer\">Servicio de embalaje<\/a>.<\/li>\n<li>Recogida de embalaje sobrante o material residual.<\/li>\n<li>Servicio de&nbsp;<a href=\"https:\/\/vanderentmudanzas.com\/mudanzas-adaptadas\/\" target=\"_blank\" rel=\"noopener noreferrer\">mudanzas adaptadas o especiales<\/a>.<\/li>\n<li><a href=\"https:\/\/vanderentmudanzas.com\/van der Ent-servicios-extras\/#montaje-y-desmontaje\" target=\"_blank\" rel=\"noopener noreferrer\">Servicio de montaje y desmontaje<\/a>&nbsp;de muebles.<\/li>\n<li><a href=\"https:\/\/vanderentmudanzas.com\/van der Ent-servicios-extras\/#guardamuebles\" target=\"_blank\" rel=\"noopener noreferrer\">Guardamuebles<\/a> en Francia, Alemania, B\u00e9lgica, <a href=\"https:\/\/vanderentmudanzas.com\/mudanza-internacional-en-holanda\/\">Holanda<\/a> (Pa\u00edses Bajos), Luxemburgo, Portugal, Reino Unido y <a href=\"https:\/\/vanderentmudanzas.com\/mudanza-internacional-en-suiza\/\">Suiza<\/a>.<\/li>\n<li>Permiso de aparcamiento tanto en el pa\u00eds de origen como destino.<\/li>\n<li>Elevadores externos.<\/li>\n<li><a href=\"https:\/\/vanderentmudanzas.com\/van der Ent-servicios-extras\/#transporte-de-vehiculos\" target=\"_blank\" rel=\"noopener noreferrer\">Transporte de veh\u00edculos<\/a>.<\/li>\n<li>Seguro y&nbsp;<a href=\"https:\/\/vanderentmudanzas.com\/van der Ent-servicios-extras\/#seguro-para-tu-tranquilidad\" target=\"_blank\" rel=\"noopener noreferrer\">seguro adicional<\/a>&nbsp;para tu tranquilidad.<\/li>\n<li>Flete a\u00e9reo.<\/li>\n<li><a href=\"https:\/\/vanderentmudanzas.com\/van der Ent-servicios-extras\/#contenedores-maritimos\" target=\"_blank\" rel=\"noopener noreferrer\">Contenedores mar\u00edtimos<\/a>.<\/li>\n<li><a href=\"https:\/\/vanderentmudanzas.com\/van der Ent-servicios-extras\/#tramites-aduaneros\" target=\"_blank\" rel=\"noopener noreferrer\">Tr\u00e1mites aduaneros<\/a>.<\/li>\n<li>Comunicaciones con personal que le atender\u00e1 en varios idiomas<\/li>\n<li>Otros servicios de cortes\u00eda.<\/li>\n<li>La profesionalidad de una empresa con experiencia en mudanzas en la zona.<\/li>\n<li>La experiencia de una empresa consolidada en <a title=\"Mudanzas internacionales\" href=\"https:\/\/vanderentmudanzas.com\/mudanza-internacional\/\">mudanzas internacionales<\/a>.&nbsp;<\/li>\n<\/ul>\n<h4>Si vas a hacer una mudanza cuenta con nuestra experiencia y&nbsp;habla con nuestros especialistas.<\/h4>\n<h3>\u00bfPor qu\u00e9 mudarse a Espa\u00f1a?<\/h3>\n<p>Espa\u00f1a es uno de los&nbsp;<b>destinos tur\u00edsticos m\u00e1s importantes a nivel mundial<\/b>, con m\u00e1s de 82 millones de visitantes al a\u00f1o.<\/p>\n<p>Viajeros de todas partes del mundo vienen atra\u00eddos por su clima, algunas zonas con m\u00e1s de 300 d\u00edas de sol al a\u00f1o, playas y monta\u00f1as y turismo rural y senderismo, el incre\u00edble patrimonio art\u00edstico, sin olvidar la gastronom\u00eda y sus platos t\u00edpicos, mundialmente conocidos como la paella, el gazpacho, la tortilla de patatas, el jam\u00f3n o las famosas tapas.&nbsp;El aceite de oliva, del que Espa\u00f1a es el primer pa\u00eds productor del mundo, se emplea en una gran diversidad de platos, y es muy apreciado en otros pa\u00edses.<\/p>\n<p><strong>Espa\u00f1a<\/strong> es una de las naciones m\u00e1s ricas en patrimonio cultural del planeta debido al gran n\u00famero de civilizaciones que dejaron su impronta y legado en la Pen\u00ednsula Ib\u00e9rica.<\/p>\n<p>Espa\u00f1a es un pa\u00eds multiling\u00fce, los idiomas oficiales son el catal\u00e1n, el gallego, el euskera y el castellano o espa\u00f1ol, este \u00faltimo es&nbsp;la&nbsp;<b>segunda lengua del mundo<\/b>.&nbsp;&nbsp;El Instituto Cervantes calcula que hablan espa\u00f1ol alrededor de 559 millones de personas, incluidos los hablantes nativos y los estudiantes de espa\u00f1ol como lengua extranjera.<\/p>\n<p>Durante varias d\u00e9cadas se hizo especial \u00e9nfasis en la promoci\u00f3n del turismo de sol y playa, debido al clima bastante m\u00e1s c\u00e1lido y soleado en comparaci\u00f3n con otros pa\u00edses europeos.&nbsp;<\/p>\n<p>Las zonas costeras como la Costa del Sol, la Costa Brava, la Costa valenciana, Canarias o Baleares, poseen gran oferta hotelera y de ocio, adem\u00e1s de la experiencia de visitar grandes ciudades como Madrid, Barcelona, Sevilla, Granada, Bilbao, Valencia, Canarias, las Baleares con destinos como Mallorca, Ibiza o Menorca.<\/p>\n<p>El norte de Espa\u00f1a tiene un clima algo m\u00e1s fresco y h\u00famedo. <strong>Muchos espa\u00f1oles y extranjeros<\/strong> se sienten atra\u00eddos por el milenario Camino de Santiago o fiestas de como San Ferm\u00edn. La zona norte combina turismo rural con grandes arenales que gozan de buen clima en verano y turismo de esqu\u00ed en invierno. Dicha zona presenta una singular belleza por la cercan\u00eda de monta\u00f1as con abundante vegetaci\u00f3n y zonas como la costa cant\u00e1brica, las r\u00edas de Galicia o los Picos de Europa.<\/p>\n<p>Los espa\u00f1oles aman la alegr\u00eda y la fiesta, les gusta disfrutar de los placeres y de la buena mesa, son hospitalarios, solidarios y generosos, abiertos, imaginativos y cordiales.<\/p>\n<p>Espa\u00f1a tiene una historia&nbsp;<b>apasionante<\/b>&nbsp;y una mezcla de culturas y vivencias&nbsp;<b>\u00fanicas en Europa<\/b>.&nbsp;Muchas personas eligen&nbsp;<b>vivir en Espa\u00f1a<\/b>&nbsp;por su gran patrimonio cultural, sus variados paisajes (Espa\u00f1a es uno de los pa\u00edses m\u00e1s monta\u00f1osos de Europa), su clima y&nbsp;<b>estilo de vida<\/b>. Si eres uno de ellos, van der Ent puede ocuparse de tu&nbsp;<b>mudanza a Espa\u00f1a<\/b>.<\/p>\n<h4>Habla con nuestros especialistas de van der Ent, podemos ayudarte en tu mudanza.<\/h4>\n<p>&nbsp;<\/p>\n","protected":false},"excerpt":{"rendered":"<p>\u00bfQuieres hacer una mudanza internacional desde Espa\u00f1a?&nbsp; Las mudanzas internacionales entre Espa\u00f1a y Europa son nuestra especialidad. En van der Ent somos especialistas en mudanzas internacionales en Espa\u00f1a y tambi\u00e9n nacionales desde 1999. Tenemos rutas directas en Europa. Nuestro equipo es multiling\u00fce y si tu mudanza internacional tiene origen o destino Espa\u00f1a \u00a1podemos ayudarte! Nuestros&hellip; <a class=\"more-link\" href=\"https:\/\/vanderentmudanzas.com\/de\/mudanzas-espana\/\"><span class=\"screen-reader-text\">Mudanza internacional en Espa\u00f1a<\/span> weiterlesen<\/a><\/p>\n","protected":false},"author":1,"featured_media":4603,"comment_status":"closed","ping_status":"open","sticky":false,"template":"","format":"standard","meta":{"_joinchat":[],"footnotes":""},"categories":[27,10,23],"tags":[54,56,16,29,28],"class_list":["post-1399","post","type-post","status-publish","format-standard","has-post-thumbnail","hentry","category-blog","category-mudanzas","category-principales-destinos-internacionales","tag-mudanza","tag-mudanza-al-extranjero","tag-mudanza-internacional","tag-mudanzas","tag-mudanzas-internacionales","entry"],"_links":{"self":[{"href":"https:\/\/vanderentmudanzas.com\/de\/wp-json\/wp\/v2\/posts\/1399","targetHints":{"allow":["GET"]}}],"collection":[{"href":"https:\/\/vanderentmudanzas.com\/de\/wp-json\/wp\/v2\/posts"}],"about":[{"href":"https:\/\/vanderentmudanzas.com\/de\/wp-json\/wp\/v2\/types\/post"}],"author":[{"embeddable":true,"href":"https:\/\/vanderentmudanzas.com\/de\/wp-json\/wp\/v2\/users\/1"}],"replies":[{"embeddable":true,"href":"https:\/\/vanderentmudanzas.com\/de\/wp-json\/wp\/v2\/comments?post=1399"}],"version-history":[{"count":2,"href":"https:\/\/vanderentmudanzas.com\/de\/wp-json\/wp\/v2\/posts\/1399\/revisions"}],"predecessor-version":[{"id":6365,"href":"https:\/\/vanderentmudanzas.com\/de\/wp-json\/wp\/v2\/posts\/1399\/revisions\/6365"}],"wp:featuredmedia":[{"embeddable":true,"href":"https:\/\/vanderentmudanzas.com\/de\/wp-json\/wp\/v2\/media\/4603"}],"wp:attachment":[{"href":"https:\/\/vanderentmudanzas.com\/de\/wp-json\/wp\/v2\/media?parent=1399"}],"wp:term":[{"taxonomy":"category","embeddable":true,"href":"https:\/\/vanderentmudanzas.com\/de\/wp-json\/wp\/v2\/categories?post=1399"},{"taxonomy":"post_tag","embeddable":true,"href":"https:\/\/vanderentmudanzas.com\/de\/wp-json\/wp\/v2\/tags?post=1399"}],"curies":[{"name":"wp","href":"https:\/\/api.w.org\/{rel}","templated":true}]}}