{"id":1424,"date":"2018-10-08T18:50:08","date_gmt":"2018-10-08T18:50:08","guid":{"rendered":"https:\/\/hakotrans.madeinmedia.online\/?p=2665"},"modified":"2018-10-08T18:50:08","modified_gmt":"2018-10-08T18:50:08","slug":"mudanza-en-casares","status":"publish","type":"post","link":"https:\/\/vanderentmudanzas.com\/de\/mudanza-en-casares\/","title":{"rendered":"Mudanza en Casares"},"content":{"rendered":"<p><strong>Para mudanzas en Casares<\/strong>, <strong>van der Ent<\/strong> tiene la experiencia que necesitas. Contacta con nuestros asesores, inf\u00f3rmate ahora.<\/p>\n<p>Ofrecemos un <strong>servicio totalmente personalizado<\/strong>, con permiso de aparcamiento para realizar la mudanza, seguros, elevadores externos, servicio de embalaje, desembalaje, montaje de muebles, guardamuebles y recogida de embalaje sobrante entre otros.<\/p>\n<h2><strong><br \/>\nCasares<\/strong><\/h2>\n<p><b>Casares<\/b>\u00a0es un municipio andaluz de la provincia de M\u00e1laga, en el l\u00edmite con la provincia de C\u00e1diz.<\/p>\n<p>Es el t\u00edpico<strong> pueblo blanco andaluz con calles estrechas<\/strong>, empedradas y sinuosas y con casas encaladas. Su localizaci\u00f3n es\u00a0impresionante, el pueblo est\u00e1 situado en una empinada ladera. Formado por urbanizaciones de playa y de interior.\u00a0Est\u00e1 a medio camino entre <strong>Estepona y Sotogrande<\/strong>, el pueblo y sus vistas panor\u00e1micas son realmente espectaculares.<\/p>\n<p><strong>Casares<\/strong> playa tiene una situaci\u00f3n perfecta para los que desean un estilo de vida junto al mar. La franja de playa tiene dos kil\u00f3metros de longitud, lo cual es ideal para dar paseos. Hay varias urbanizaciones en esta zona con unas <strong>vistas impresionantes al mar y a la monta\u00f1a<\/strong>, <strong>as\u00ed como al norte de \u00c1frica<\/strong>. \u00a0Adem\u00e1s, est\u00e1 a solo diez minutos de la ciudad de Estepona.<\/p>\n<p><b>Vivir en Casares<\/b>\u00a0puede resultar una experiencia maravillosa, en <a href=\"https:\/\/vanderentmudanzas.com\/\"><strong>van der Ent<\/strong><\/a> podemos ayudarte a hacer tu sue\u00f1o realidad.<\/p>\n<h2><span style=\"font-weight: 400;\">Servicios para tu <\/span><b>mudanza en Casares<\/b><span style=\"font-weight: 400;\">:<\/span><\/h2>\n<ul>\n<li style=\"font-weight: 400;\"><span style=\"font-weight: 400;\">Mudanzas completas en Casares, tanto local como internacional.<\/span><\/li>\n<li><span style=\"font-weight: 400;\">Traslados o mudanzas de particulares y <a href=\"https:\/\/vanderentmudanzas.com\/mudanzas-corporativas\/\">empresas<\/a>.<\/span><\/li>\n<li><span style=\"font-weight: 400;\">Peque\u00f1as Mudanzas o peque\u00f1os env\u00edos nacionales e internacionales.<\/span><\/li>\n<li style=\"font-weight: 400;\"><a href=\"https:\/\/vanderentmudanzas.com\/van der Ent-servicios-extras\/#servicio-de-embalaje\" target=\"_blank\" rel=\"noopener noreferrer\">Servicio de embalaje<\/a>.<\/li>\n<li>Servicio de\u00a0mudanzas adaptadas o especiales.<\/li>\n<li>Servicios de montaje y desmontaje\u00a0de muebles.<\/li>\n<li><a href=\"https:\/\/vanderentmudanzas.com\/van der Ent-servicios-extras\/#guardamuebles\" target=\"_blank\" rel=\"noopener noreferrer\">Guardamuebles<\/a> en la zona y en otras ciudades de Espa\u00f1a y otros destinos de Europa.<\/li>\n<li>Permiso de aparcamiento tanto en el pa\u00eds de origen como destino.<\/li>\n<li>Elevadores externos.<\/li>\n<li>Recogida de embalaje sobrante o material residual.<\/li>\n<li><a href=\"https:\/\/vanderentmudanzas.com\/van der Ent-servicios-extras\/#transporte-de-vehiculos\" target=\"_blank\" rel=\"noopener noreferrer\">Transporte de tu veh\u00edculo<\/a><span style=\"font-weight: 400;\">\u00a0desde o hacia Casares.<\/span><\/li>\n<li>Seguro y\u00a0<a href=\"https:\/\/vanderentmudanzas.com\/van der Ent-servicios-extras\/#seguro-para-tu-tranquilidad\" target=\"_blank\" rel=\"noopener noreferrer\">seguro adicional<\/a>\u00a0para tu tranquilidad.<\/li>\n<li><a href=\"https:\/\/vanderentmudanzas.com\/van der Ent-servicios-extras\/#flete-aereo\" target=\"_blank\" rel=\"noopener noreferrer\">Flete aereo<\/a>.<\/li>\n<li><a href=\"https:\/\/vanderentmudanzas.com\/van der Ent-servicios-extras\/#contenedores-maritimos\" target=\"_blank\" rel=\"noopener noreferrer\">Contenedores mar\u00edtimos<\/a>.<\/li>\n<li><a href=\"https:\/\/vanderentmudanzas.com\/van der Ent-servicios-extras\/#tramites-aduaneros\" target=\"_blank\" rel=\"noopener noreferrer\">Tr\u00e1mites aduaneros<\/a>.<\/li>\n<li>Comunicaciones con personal que le atender\u00e1 en varios idiomas.<\/li>\n<li>Otros servicios de cortes\u00eda.<\/li>\n<li><span style=\"font-weight: 400;\">La profesionalidad de una empresa con experiencia en mudanzas en la zona.<\/span><\/li>\n<li>La experiencia de una empresa consolidada en mudanzas internacionales.\u00a0<\/li>\n<\/ul>\n<p>Habla con nuestros expertos y solicita tu presupuesto para tu <strong>mudanza en Casares<\/strong>.<\/p>\n<p>&nbsp;<\/p>\n","protected":false},"excerpt":{"rendered":"<p>Para mudanzas en Casares, van der Ent tiene la experiencia que necesitas. Contacta con nuestros asesores, inf\u00f3rmate ahora. Ofrecemos un servicio totalmente personalizado, con permiso de aparcamiento para realizar la mudanza, seguros, elevadores externos, servicio de embalaje, desembalaje, montaje de muebles, guardamuebles y recogida de embalaje sobrante entre otros. Casares Casares\u00a0es un municipio andaluz de&hellip; <a class=\"more-link\" href=\"https:\/\/vanderentmudanzas.com\/de\/mudanza-en-casares\/\"><span class=\"screen-reader-text\">Mudanza en Casares<\/span> weiterlesen<\/a><\/p>\n","protected":false},"author":1,"featured_media":1425,"comment_status":"open","ping_status":"open","sticky":false,"template":"","format":"standard","meta":{"_joinchat":[],"footnotes":""},"categories":[10,25],"tags":[54,148,149,150,16,95,102],"class_list":["post-1424","post","type-post","status-publish","format-standard","has-post-thumbnail","hentry","category-mudanzas","category-principales-destinos-locales","tag-mudanza","tag-mudanza-en-casares","tag-mudanza-en-costa-tropical","tag-mudanza-extranjero","tag-mudanza-internacional","tag-servicios-de-mudanza","tag-traslado-vehiculo","entry"],"_links":{"self":[{"href":"https:\/\/vanderentmudanzas.com\/de\/wp-json\/wp\/v2\/posts\/1424","targetHints":{"allow":["GET"]}}],"collection":[{"href":"https:\/\/vanderentmudanzas.com\/de\/wp-json\/wp\/v2\/posts"}],"about":[{"href":"https:\/\/vanderentmudanzas.com\/de\/wp-json\/wp\/v2\/types\/post"}],"author":[{"embeddable":true,"href":"https:\/\/vanderentmudanzas.com\/de\/wp-json\/wp\/v2\/users\/1"}],"replies":[{"embeddable":true,"href":"https:\/\/vanderentmudanzas.com\/de\/wp-json\/wp\/v2\/comments?post=1424"}],"version-history":[{"count":0,"href":"https:\/\/vanderentmudanzas.com\/de\/wp-json\/wp\/v2\/posts\/1424\/revisions"}],"wp:featuredmedia":[{"embeddable":true,"href":"https:\/\/vanderentmudanzas.com\/de\/wp-json\/wp\/v2\/media\/1425"}],"wp:attachment":[{"href":"https:\/\/vanderentmudanzas.com\/de\/wp-json\/wp\/v2\/media?parent=1424"}],"wp:term":[{"taxonomy":"category","embeddable":true,"href":"https:\/\/vanderentmudanzas.com\/de\/wp-json\/wp\/v2\/categories?post=1424"},{"taxonomy":"post_tag","embeddable":true,"href":"https:\/\/vanderentmudanzas.com\/de\/wp-json\/wp\/v2\/tags?post=1424"}],"curies":[{"name":"wp","href":"https:\/\/api.w.org\/{rel}","templated":true}]}}