{"id":1458,"date":"2023-01-17T09:37:28","date_gmt":"2023-01-17T09:37:28","guid":{"rendered":"https:\/\/hakotrans.madeinmedia.online\/?p=8369"},"modified":"2023-01-17T09:37:28","modified_gmt":"2023-01-17T09:37:28","slug":"dias-libres-por-mudanza-cuantos-corresponden","status":"publish","type":"post","link":"https:\/\/vanderentmudanzas.com\/de\/dias-libres-por-mudanza-cuantos-corresponden\/","title":{"rendered":"D\u00edas libres por mudanza, \u00bfCu\u00e1ntos corresponden?"},"content":{"rendered":"<p>Si actualmente vas a <strong>cambiar de vivienda<\/strong> y necesitas tiempo para <strong>trasladar tus pertenencias<\/strong> de un lado a otro, te interesa conocer los <strong>d\u00edas libres por mudanza<\/strong> que te corresponden, \u00bfNo es as\u00ed?<\/p>\n<p>En <strong>van der Ent<\/strong>, tu <a href=\"https:\/\/vanderentmudanzas.com\/\"><strong>empresa especializada en mudanzas<\/strong><\/a> de confianza, lo sabemos. Por este motivo, te contamos los d\u00edas libres por mudanza que corresponden para que puedas cog\u00e9rtelos en el trabajo y, as\u00ed, puedas trasladar tus bienes y enseres con tranquilidad.<\/p>\n<p>\u00a1Sigue leyendo!<\/p>\n<h2>\u00bfCu\u00e1ntos d\u00edas libres por mudanza corresponden?<\/h2>\n<p>Si has llegado a este apartado es porque quieres conocer los d\u00edas libres por mudanza que te corresponden para el traslado de tus cosas a tu nuevo hogar.<\/p>\n<h3>Art\u00edculo 37 del Estatuto de los Trabajadores<\/h3>\n<p>En el <strong>art\u00edculo 37<\/strong> del <strong>Estatuto de los Trabajadores<\/strong>, los empleados tienen derecho a un <strong>d\u00eda libre<\/strong> de trabajo para realizar su mudanza. Dicho d\u00eda libre ser\u00e1 abonado como un d\u00eda de trabajo habitual.<\/p>\n<p>En este sentido, tambi\u00e9n es importante destacar que en el art\u00edculo 37 del Estatuto de los Trabajadores no se diferencia entre <strong>mudanzas de corta y larga distancia<\/strong>, ni se da la posibilidad de coger libre alg\u00fan d\u00eda m\u00e1s por cambio de ciudad.<\/p>\n<h2>\u00bfC\u00f3mo justificar tus d\u00edas libres por mudanza?<\/h2>\n<p>Como en cualquier otra ocasi\u00f3n, es esencial avisar con antelaci\u00f3n si te vas a coger un d\u00eda libre a causa de un traslado.\u00a0 Adem\u00e1s, es importante que tengas a mano la <strong>documentaci\u00f3n<\/strong> de la nueva vivienda o el <strong>informe de empadronamiento<\/strong> para justificar tu ausencia.<\/p>\n<p>Sin embargo, en el estatuto mencionado, no se especifica cu\u00e1ndo hay que solicitar a la empresa tus d\u00edas libres por mudanza, pero nuestra m\u00e1s sincera recomendaci\u00f3n, es que lo hagas lo antes posible para que te puedas organizar adecuadamente.<\/p>\n<p>Del mismo modo, no te olvides de supervisar previamente tu <strong>convenio colectivo<\/strong> y <strong>las pol\u00edticas de tu empresa. <\/strong><\/p>\n<h2>Realizamos tu mudanza con \u00e9xito a cualquier parte del mundo<\/h2>\n<p>Ahora sabes que puedes cogerte tus d\u00edas libres por mudanza, pero\u2026 \u00bfSabes que en van der Ent realizamos tu mudanza con \u00e9xito a cualquier parte del mundo? As\u00ed es, somos especialistas en <strong>mudanzas locales<\/strong>,<a href=\"https:\/\/vanderentmudanzas.com\/como-elegir-a-la-mejor-empresa-de-mudanzas-nacionales\/\"> <strong>mudanzas nacionales<\/strong><\/a> y <a href=\"https:\/\/vanderentmudanzas.com\/mudanza-internacional\/\"><strong>mudanzas internacionales<\/strong><\/a>.<\/p>\n<p>En cualquiera de ellas tendr\u00e1s un <strong>asesoramiento personalizado<\/strong> y una gran cantidad de <a href=\"https:\/\/vanderentmudanzas.com\/van der Ent-servicios-extras\/\"><strong>servicios extras<\/strong><\/a> a los que poder optar, como por ejemplo: <strong>El traslado de veh\u00edculos, Handyman, montaje y desmontaje de muebles,<\/strong> entre otros muchos m\u00e1s.<\/p>\n<p>Si deseas obtener <strong>m\u00e1s informaci\u00f3n<\/strong> recuerda que puedes ponerte en <a href=\"https:\/\/vanderentmudanzas.com\/contacto\/\"><strong>contacto con nosotros<\/strong><\/a>. Te atenderemos encantados.<\/p>\n","protected":false},"excerpt":{"rendered":"<p>Si actualmente vas a cambiar de vivienda y necesitas tiempo para trasladar tus pertenencias de un lado a otro, te interesa conocer los d\u00edas libres por mudanza que te corresponden, \u00bfNo es as\u00ed? En van der Ent, tu empresa especializada en mudanzas de confianza, lo sabemos. Por este motivo, te contamos los d\u00edas libres por&hellip; <a class=\"more-link\" href=\"https:\/\/vanderentmudanzas.com\/de\/dias-libres-por-mudanza-cuantos-corresponden\/\"><span class=\"screen-reader-text\">D\u00edas libres por mudanza, \u00bfCu\u00e1ntos corresponden?<\/span> weiterlesen<\/a><\/p>\n","protected":false},"author":1,"featured_media":1151,"comment_status":"open","ping_status":"open","sticky":false,"template":"","format":"standard","meta":{"_joinchat":[],"footnotes":""},"categories":[27,10],"tags":[41,15,29,28,40,19,30],"class_list":["post-1458","post","type-post","status-publish","format-standard","has-post-thumbnail","hentry","category-blog","category-mudanzas","tag-dias-libres-por-mudanza","tag-empresa-de-mudanzas","tag-mudanzas","tag-mudanzas-internacionales","tag-mudanzas-locales","tag-mudanzas-nacionales","tag-traslados","entry"],"_links":{"self":[{"href":"https:\/\/vanderentmudanzas.com\/de\/wp-json\/wp\/v2\/posts\/1458","targetHints":{"allow":["GET"]}}],"collection":[{"href":"https:\/\/vanderentmudanzas.com\/de\/wp-json\/wp\/v2\/posts"}],"about":[{"href":"https:\/\/vanderentmudanzas.com\/de\/wp-json\/wp\/v2\/types\/post"}],"author":[{"embeddable":true,"href":"https:\/\/vanderentmudanzas.com\/de\/wp-json\/wp\/v2\/users\/1"}],"replies":[{"embeddable":true,"href":"https:\/\/vanderentmudanzas.com\/de\/wp-json\/wp\/v2\/comments?post=1458"}],"version-history":[{"count":0,"href":"https:\/\/vanderentmudanzas.com\/de\/wp-json\/wp\/v2\/posts\/1458\/revisions"}],"wp:featuredmedia":[{"embeddable":true,"href":"https:\/\/vanderentmudanzas.com\/de\/wp-json\/wp\/v2\/media\/1151"}],"wp:attachment":[{"href":"https:\/\/vanderentmudanzas.com\/de\/wp-json\/wp\/v2\/media?parent=1458"}],"wp:term":[{"taxonomy":"category","embeddable":true,"href":"https:\/\/vanderentmudanzas.com\/de\/wp-json\/wp\/v2\/categories?post=1458"},{"taxonomy":"post_tag","embeddable":true,"href":"https:\/\/vanderentmudanzas.com\/de\/wp-json\/wp\/v2\/tags?post=1458"}],"curies":[{"name":"wp","href":"https:\/\/api.w.org\/{rel}","templated":true}]}}