{"id":1507,"date":"2021-01-13T13:20:48","date_gmt":"2021-01-13T13:20:48","guid":{"rendered":"https:\/\/hakotrans.madeinmedia.online\/?p=2631"},"modified":"2021-01-13T13:20:48","modified_gmt":"2021-01-13T13:20:48","slug":"quieres-realizar-una-mudanza-a-almunecar-de-forma-facil","status":"publish","type":"post","link":"https:\/\/vanderentmudanzas.com\/de\/quieres-realizar-una-mudanza-a-almunecar-de-forma-facil\/","title":{"rendered":"\u00bfQuieres realizar una mudanza a Almu\u00f1\u00e9car de forma f\u00e1cil?"},"content":{"rendered":"<p>Si est\u00e1s pensando en hacer una <strong>mudanza en Almu\u00f1\u00e9car<\/strong> en cualquier poblaci\u00f3n de la provincia, cuenta con <strong>van der Ent, <\/strong>empresa especializada en mudanzas locales en Andaluc\u00eda, desde 1999. Durante ese tiempo, hemos realizado todo tipos de env\u00edos o <a title=\"Mudanzas en Sevilla\" href=\"https:\/\/vanderentmudanzas.com\/mudanzas-sevilla\/\">mudanzas en Sevilla<\/a>, <a title=\"Mudanzas M\u00e1laga\" href=\"https:\/\/vanderentmudanzas.com\/mudanzas-malaga\/\">M\u00e1laga<\/a>, Granada o en cualquier otra provincia. Esto nos ha conferido una amplia experiencia, que ponemos a tu disposici\u00f3n a trav\u00e9s de nuestro asesoramiento al contratar un servicio.<\/p>\n<h2><strong>\u00bfPor qu\u00e9 elegir Almu\u00f1\u00e9car para vivir?<\/strong><\/h2>\n<p>El municipio de Almu\u00f1\u00e9car est\u00e1 situado en la comarca de la <a title=\"Mudanza en la Costa Tropical\" href=\"https:\/\/vanderentmudanzas.com\/mudanza-en-costa-tropical\/\">Costa Tropical<\/a>, ubicado en la provincia de Granada. <strong>Situado a\u00a078 km al sur de Granada<\/strong> y constituye la capital tur\u00edstica de la Costa Tropical que se extiende desde el final de la Costa del Sol malague\u00f1a hasta el l\u00edmite de la Costa de Almer\u00eda.<\/p>\n<p><strong>Almu\u00f1\u00e9car<\/strong> limita con los municipios granadinos de Ot\u00edvar, Jete, \u00cdtrabo y Salobre\u00f1a, y con el municipio malague\u00f1o de Nerja. Aunque no limite directamente, tambi\u00e9n se encuentra a camino de otras dos poblaciones de importancia, como Motril y V\u00e9lez -M\u00e1laga.\u00a0El municipio comprende los n\u00facleos de poblaci\u00f3n de Almu\u00f1\u00e9car, La Herradura y Velilla-Taramay. La ciudad de Almu\u00f1\u00e9car tiene un <strong>importante centro\u00a0tur\u00edstico<\/strong>, ubicado entre el\u00a0mar\u00a0y la\u00a0monta\u00f1a.<\/p>\n<p style=\"text-align: justify;\">Uno de sus<strong> grandes atractivos es que Almu\u00f1\u00e9car<\/strong> cuenta con 19 kil\u00f3metros de playas diversas. Hay muchos tipos de playas, desde las m\u00e1s urbanas a las m\u00e1s naturistas o peque\u00f1as calas junto a acantilados de gran belleza que atraen a todo tipo de visitantes. Tambi\u00e9n tiene sierras y parajes naturales limitando con Almu\u00f1\u00e9car, como la zona de Maro -Cerro Gordo. Existen muchos hoteles y urbanizaciones, muchos de ellos son segunda residencia. Tambi\u00e9n es conocido por ser un importante <strong>productor de frutos subtropicales<\/strong> como\u00a0aguacates,\u00a0chirimoyas,\u00a0mangos y\u00a0n\u00edsperos\u00a0entre otros.<\/p>\n<p>Esta peculiar zona de la l\u00ednea de la costa \u00a0posee un micro-clima que es \u00fanico en el pa\u00eds, lo que justifica el nombre de Costa Tropical y que se caracteriza por\u00a0<strong>temperaturas medias de 18\u00baC\u00a0<\/strong>en invierno y medias m\u00e1s altas en el verano. Otros factores atractivos para mudarse a Almu\u00f1\u00e9car, es su gastronom\u00eda o su cultura local.<\/p>\n<h2>Servicios para tu mudanza en Almu\u00f1\u00e9car que te ofrece van der Ent:<\/h2>\n<h3>Todo tipo de mudanzas<\/h3>\n<p>Realizamos <strong>cualquier tipo de mudanza<\/strong> desde o hacia Almu\u00f1\u00e9car, ya sea a nivel local, regional, nacional, posibilitamos una mudanza a nivel profesional a un coste muy asequible. Realizamos tambi\u00e9n <a title=\"Mudanzas internacionales B\u00e9lgica\" href=\"https:\/\/vanderentmudanzas.com\/mudanzas-internacionales-belgica\/\">mudanzas internacionales a B\u00e9lgica<\/a>, as\u00ed como otros pa\u00edses como Francia, Alemania o Suiza. Tambi\u00e9n, hacemos<strong> mudanzas de oficinas o empresas<\/strong>, <a title=\"Mudanzas adaptadas\" href=\"https:\/\/vanderentmudanzas.com\/mudanzas-adaptadas\/#mudanzas-senior-65\">mudanzas adaptadas\u00a0 o especiales<\/a>, adem\u00e1s de las mudanzas particulares.\u00a0 Si el destino no es accesible por carretera o es demasiada distancia, tambi\u00e9n tenemos <strong>servicios de fletes a\u00e9reos o alquileres de contenedores mar\u00edtimos<\/strong>. Esta cobertura a tantos \u00e1mbitos, tambi\u00e9n la usamos para realizar <strong>peque\u00f1os env\u00edos a cualquier destino<\/strong>.\u00a0<\/p>\n<h3>Otros servicios<\/h3>\n<p>Al realizar una mudanza, tambi\u00e9n hacemos el <a title=\"Servicio de embalaje\" href=\"https:\/\/vanderentmudanzas.com\/van der Ent-servicios-extras\/#servicio-de-embalaje\"><strong>servicio de embalaje<\/strong><\/a>, para salvaguardar el estado de tus objetos, usando los materiales adecuados seg\u00fan los tipos de materiales. No te preocupes, ya que <strong>recogeremos el material sobrante<\/strong> del proceso de embalaje. Otro de los servicios que te gustar\u00e1n, es el de\u00a0 <strong>montaje y desmontaje del mobiliario.<\/strong> Gracias a esto, podr\u00e1s ganar espacio de carga, para que sea m\u00e1s asequible incluso.<\/p>\n<h3>Servicios Extra<\/h3>\n<p>Si necesitas un <strong>espacio temporal extra<\/strong> ya sea en el punto de partida o en el de destino, tambi\u00e9n ofrecemos servicio de <strong><a title=\"Guardamuebles en M\u00e1laga\" href=\"https:\/\/vanderentmudanzas.com\/guardamuebles-malaga\/\">guardamuebles<\/a><\/strong>, tanto en Espa\u00f1a como en otros puntos del continente europeo. Si realizamos una mudanza al extranjero, nosotros conseguiremos todos los <strong>tr\u00e1mites aduaneros<\/strong> oportunos, as\u00ed como disponer de<strong> permisos de aparcamiento<\/strong> en el destino de la mudanza. Todo esto con la garant\u00eda de una empresa con una amplia trayectoria empresarial, adem\u00e1s de disponer de un <strong>seguro adicional<\/strong> para tu tranquilidad.<\/p>\n<h2>Una mudanza m\u00e1s f\u00e1cil desde Almu\u00f1\u00e9car con <strong>van der Ent<\/strong><\/h2>\n<p>Si tienes que realizar una <strong>mudanza desde Almu\u00f1\u00e9car<\/strong> o hacia all\u00ed, elige una empresa experimentada en la zona como <strong>van der Ent<\/strong>. Contamos con una <strong>flota propia de veh\u00edculos<\/strong> y con un <strong>equipo de profesionales<\/strong> cualificados para este tipo de servicios.<\/p>\n<p><strong> Cont\u00e1ctanos<\/strong> para averiguar cualquier duda que tengas sobre tu mudanza a o desde Almu\u00f1\u00e9car. <strong>Te aconsejaremos<\/strong> durante todo el proceso, para que puedas conocer y tener la seguridad de d\u00f3nde y c\u00f3mo est\u00e1n tus enseres. Atendemos a nuestros clientes en <strong>varios idiomas<\/strong>, para que la comunicaci\u00f3n sobre el encargo sea perfecta. Si a\u00fan tienes dudas, te facilitamos un presupuesto adaptado a tu caso en espec\u00edfico, para que puedas ver<strong> lo barato que es realizar una mudanza<\/strong> profesional en Almu\u00f1\u00e9car.\u00a0\u00a0<\/p>\n<p>&nbsp;<\/p>\n","protected":false},"excerpt":{"rendered":"<p>Si est\u00e1s pensando en hacer una mudanza en Almu\u00f1\u00e9car en cualquier poblaci\u00f3n de la provincia, cuenta con van der Ent, empresa especializada en mudanzas locales en Andaluc\u00eda, desde 1999. Durante ese tiempo, hemos realizado todo tipos de env\u00edos o mudanzas en Sevilla, M\u00e1laga, Granada o en cualquier otra provincia. Esto nos ha conferido una amplia&hellip; <a class=\"more-link\" href=\"https:\/\/vanderentmudanzas.com\/de\/quieres-realizar-una-mudanza-a-almunecar-de-forma-facil\/\"><span class=\"screen-reader-text\">\u00bfQuieres realizar una mudanza a Almu\u00f1\u00e9car de forma f\u00e1cil?<\/span> weiterlesen<\/a><\/p>\n","protected":false},"author":1,"featured_media":1285,"comment_status":"open","ping_status":"open","sticky":false,"template":"","format":"standard","meta":{"_joinchat":[],"footnotes":""},"categories":[27,10,25],"tags":[54,104,8],"class_list":["post-1507","post","type-post","status-publish","format-standard","has-post-thumbnail","hentry","category-blog","category-mudanzas","category-principales-destinos-locales","tag-mudanza","tag-mudanza-almunecar","tag-mudanza-nacional","entry"],"_links":{"self":[{"href":"https:\/\/vanderentmudanzas.com\/de\/wp-json\/wp\/v2\/posts\/1507","targetHints":{"allow":["GET"]}}],"collection":[{"href":"https:\/\/vanderentmudanzas.com\/de\/wp-json\/wp\/v2\/posts"}],"about":[{"href":"https:\/\/vanderentmudanzas.com\/de\/wp-json\/wp\/v2\/types\/post"}],"author":[{"embeddable":true,"href":"https:\/\/vanderentmudanzas.com\/de\/wp-json\/wp\/v2\/users\/1"}],"replies":[{"embeddable":true,"href":"https:\/\/vanderentmudanzas.com\/de\/wp-json\/wp\/v2\/comments?post=1507"}],"version-history":[{"count":0,"href":"https:\/\/vanderentmudanzas.com\/de\/wp-json\/wp\/v2\/posts\/1507\/revisions"}],"wp:featuredmedia":[{"embeddable":true,"href":"https:\/\/vanderentmudanzas.com\/de\/wp-json\/wp\/v2\/media\/1285"}],"wp:attachment":[{"href":"https:\/\/vanderentmudanzas.com\/de\/wp-json\/wp\/v2\/media?parent=1507"}],"wp:term":[{"taxonomy":"category","embeddable":true,"href":"https:\/\/vanderentmudanzas.com\/de\/wp-json\/wp\/v2\/categories?post=1507"},{"taxonomy":"post_tag","embeddable":true,"href":"https:\/\/vanderentmudanzas.com\/de\/wp-json\/wp\/v2\/tags?post=1507"}],"curies":[{"name":"wp","href":"https:\/\/api.w.org\/{rel}","templated":true}]}}