{"id":4579,"date":"2019-12-05T13:57:59","date_gmt":"2019-12-05T13:57:59","guid":{"rendered":"https:\/\/hakotrans.madeinmedia.online\/mobellagerung-mijas\/"},"modified":"2019-12-05T13:57:59","modified_gmt":"2019-12-05T13:57:59","slug":"mobellagerung-mijas","status":"publish","type":"post","link":"https:\/\/vanderentmudanzas.com\/de\/mobellagerung-mijas\/","title":{"rendered":"Grosse Lagerr\u00e4ume in Mijas mit 24 Stunden \u00dcberwachungsdienst"},"content":{"rendered":"<p>Beim <strong>Umziehen<\/strong> oder auch bei Dir zu Hause, hast Du sicherlich mal eine Situiation gehabt wo es an Platz mangelt um <strong>M\u00f6bel und Gegenst\u00e4nde unterzubringen<\/strong>. Der Kauf eines <strong>Lagerraums ist sehr teuer<\/strong> und hat nicht immer die Qualit\u00e4t oder Sicherheit, die wir suchen.<\/p>\n<p>Wenn Du in <strong>Mijas<\/strong> lebst und diese Situation hast, findest Du in <a href=\"https:\/\/vanderentmudanzas.com\/de\/\"><strong>van der Ent<\/strong><\/a> die <strong>L\u00f6sung mit unserer Lagerungsm\u00f6glichkeit<\/strong>. In diesen<strong> gro\u00dfen R\u00e4umen<\/strong> kannst Du alles unterbringen, was Du f\u00fcr den <strong>Transport von einem Zuhause zum anderen in Mijas ben\u00f6tigst<\/strong>, oder alles, was Du zu Hause nicht ben\u00f6tigst und nicht wegwerfen m\u00f6chtest.<\/p>\n<h2 style=\"text-align: justify;\">Eigenschaften unseres M\u00f6bellagers in Mijas<\/h2>\n<p>Wie bereits erw\u00e4hnt, haben <strong>herk\u00f6mmliche Abstellr\u00e4ume neben dem hohen Preis auch einige Probleme<\/strong>, die mit dem M\u00f6bellager gel\u00f6st werden k\u00f6nnen.<\/p>\n<p>Das erste ist die <strong>Gr\u00f6\u00dfe<\/strong>. Die R\u00e4ume, die wir in <strong>Mijas<\/strong> haben, sind gro\u00df, einige sogar <strong>mehr als 800 Quadratmeter<\/strong>. Der Zugang ist sehr einfach, denn Du kannst das <strong>Auto oder den LKW<\/strong> problemlos abstellen und das Be- und Entladen schnell erledigen.<\/p>\n<p>Das <strong>Preis problem ist mit van der Ent gel\u00f6st<\/strong>, da wir die <strong>Preise<\/strong> f\u00fcr die<strong> Anmietung dieser Lagerr\u00e4ume angepasst<\/strong> haben.<\/p>\n<p>Du musst Dir keine Sorgen um die <strong>Sicherheit<\/strong> machen, dass jemand reinkommen und Deine wertvollen Gegenst\u00e4nde mitnehmen k\u00f6nnte. In allen<strong> unseren Einrichtungen<\/strong>, auch in <strong>Mijas<\/strong>, ist rund um die Uhr eine <strong>Alarmanlage gegen Diebstahl vorhanden<\/strong>, welche die Polizei bei Unregelm\u00e4\u00dfigkeiten unverz\u00fcglich benachrichtigt. Wir haben auch ein Meldesystem im <strong>Falle eines Brandes und Dichtheitspr\u00fcfung<\/strong>.<\/p>\n<p>Wir wissen, dass das <strong>Umziehen<\/strong> besonders von gro\u00dfen und <strong>schweren M\u00f6beln und Gegenst\u00e4nden<\/strong> sehr schwierig ist, wenn Sie kein gro\u00dfes Fahrzeug haben. Aus diesem Grund organisieren wir die <strong>Abholung und Zustellung<\/strong> aller Habseligkeiten von <strong>Deinem zu Hause zu unserem Lager oder umgekehrt<\/strong>.<\/p>\n<h2 style=\"text-align: justify;\">Mache Deinen Umzug mit allen van der Ent-Dienstleistungen<\/h2>\n<p>Die <strong>Bequemlichkeit unserer Kunden<\/strong> ist dass Hauptziel bei <strong>van der Ent<\/strong>. Wir haben nicht nur die <a href=\"https:\/\/vanderentmudanzas.com\/de\/van der Ent-zusatzleistungen\/#mobellagerung-lagerung\"><strong>besten<\/strong> <strong>Lagerm\u00f6glichkeiten f\u00fcr Ihre Umz\u00fcge<\/strong><\/a> von und nach Mijas, sondern haben auch<strong> andere <a href=\"https:\/\/vanderentmudanzas.com\/de\/van der Ent-zusatzleistungen\/\">Dienstleistungen<\/a><\/strong>, die den gesamten Prozess viel schneller und sicherer machen.<\/p>\n<p><a href=\"https:\/\/vanderentmudanzas.com\/de\/kontakt\/\"><strong>Kontaktiere uns<\/strong><\/a>, wenn Du \u00a0weitere Informationen zu den <strong>Lagerr\u00e4umen in Mijas<\/strong> oder zu Deinem Umzug ben\u00f6tigst.<\/p>\n","protected":false},"excerpt":{"rendered":"<p>Beim Umziehen oder auch bei Dir zu Hause, hast Du sicherlich mal eine Situiation gehabt wo es an Platz mangelt um M\u00f6bel und Gegenst\u00e4nde unterzubringen. Der Kauf eines Lagerraums ist sehr teuer und hat nicht immer die Qualit\u00e4t oder Sicherheit, die wir suchen. Wenn Du in Mijas lebst und diese Situation hast, findest Du in&hellip; <a class=\"more-link\" href=\"https:\/\/vanderentmudanzas.com\/de\/mobellagerung-mijas\/\"><span class=\"screen-reader-text\">Grosse Lagerr\u00e4ume in Mijas mit 24 Stunden \u00dcberwachungsdienst<\/span> weiterlesen<\/a><\/p>\n","protected":false},"author":1,"featured_media":4012,"comment_status":"open","ping_status":"open","sticky":false,"template":"","format":"standard","meta":{"_joinchat":[],"footnotes":""},"categories":[187],"tags":[247],"class_list":["post-4579","post","type-post","status-publish","format-standard","has-post-thumbnail","hentry","category-umzuge","tag-guardamuebles-mijas-mobellagerung-stauraum-espacio-para-almacenamiento","entry"],"_links":{"self":[{"href":"https:\/\/vanderentmudanzas.com\/de\/wp-json\/wp\/v2\/posts\/4579","targetHints":{"allow":["GET"]}}],"collection":[{"href":"https:\/\/vanderentmudanzas.com\/de\/wp-json\/wp\/v2\/posts"}],"about":[{"href":"https:\/\/vanderentmudanzas.com\/de\/wp-json\/wp\/v2\/types\/post"}],"author":[{"embeddable":true,"href":"https:\/\/vanderentmudanzas.com\/de\/wp-json\/wp\/v2\/users\/1"}],"replies":[{"embeddable":true,"href":"https:\/\/vanderentmudanzas.com\/de\/wp-json\/wp\/v2\/comments?post=4579"}],"version-history":[{"count":0,"href":"https:\/\/vanderentmudanzas.com\/de\/wp-json\/wp\/v2\/posts\/4579\/revisions"}],"wp:featuredmedia":[{"embeddable":true,"href":"https:\/\/vanderentmudanzas.com\/de\/wp-json\/wp\/v2\/media\/4012"}],"wp:attachment":[{"href":"https:\/\/vanderentmudanzas.com\/de\/wp-json\/wp\/v2\/media?parent=4579"}],"wp:term":[{"taxonomy":"category","embeddable":true,"href":"https:\/\/vanderentmudanzas.com\/de\/wp-json\/wp\/v2\/categories?post=4579"},{"taxonomy":"post_tag","embeddable":true,"href":"https:\/\/vanderentmudanzas.com\/de\/wp-json\/wp\/v2\/tags?post=4579"}],"curies":[{"name":"wp","href":"https:\/\/api.w.org\/{rel}","templated":true}]}}