{"id":4617,"date":"2018-10-08T17:54:39","date_gmt":"2018-10-08T17:54:39","guid":{"rendered":"https:\/\/hakotrans.madeinmedia.online\/umzug-nach-benalmadena\/"},"modified":"2018-10-08T17:54:39","modified_gmt":"2018-10-08T17:54:39","slug":"umzug-nach-benalmadena","status":"publish","type":"post","link":"https:\/\/vanderentmudanzas.com\/de\/umzug-nach-benalmadena\/","title":{"rendered":"Umzug nach Benalm\u00e1dena"},"content":{"rendered":"<p>Wenn Sie \u00fcberlegen, nach <strong>Benalm\u00e1dena Pueblo<\/strong>, nach <strong>Arroyo de la Miel<\/strong> oder Benalm\u00e1dena Costa zu ziehen, sprechen Sie mit unseren Experten.<\/p>\n<p>Seit 1999 sind wir Marktf\u00fchrer bei Umz\u00fcgen an die<strong> Costa del Sol<\/strong> und wir sind ganz in der N\u00e4he in Mijas Costa.<\/p>\n<p>Wir bieten eine individuelle Beratung f\u00fcr Ihren ma\u00dfgeschneiderten Umzug nach Ihren W\u00fcnschen an.<\/p>\n<p>Unser Service umfasst<strong> Parkerlaubnisse<\/strong>, <strong>Versicherungen mit Erweiterungsoption<\/strong>, damit Sie ganz beruhigt sind, Au\u00dfenlifte, Ein- und Auspackservice, M\u00f6belaufbau, M\u00f6bellagerung und Entsorgung \u00fcbersch\u00fcssigen Verpackungsmaterials und vieles mehr.\u00a0<\/p>\n<h3><strong>Benalm\u00e1dena<\/strong><\/h3>\n<p>Der Ort liegt an der Costa del Sol in der Provinz Malaga. Er hat eine Fl\u00e4che von 27 Km<sup>2<\/sup>, die von der Sierra de Mijas bis ans Meer reicht. Der Ort besteht aus drei Ortskernen:\u00a0<strong>Benalm\u00e1dena Pueblo, Arroyo de la Miel\u00a0und\u00a0Benalm\u00e1dena Costa<\/strong>.<\/p>\n<p>Benalm\u00e1dena ist mit 67.000 Einwohnern einer der bev\u00f6lkerungsreichsten Orten der Provinz und der drittgr\u00f6\u00dfte der Gegend hinter Malaga und Torremolinos.\u00a0<\/p>\n<p>Heute geh\u00f6rt Benalm\u00e1dena zu den\u00a0<strong>beliebtesten Urlaubszielen an der Costa del Sol<\/strong>. Der Ort hat ein breites Freizeitangebot, wie z. B. ein Vergn\u00fcgungspark, zwei Aquarien, ein Casino, ein Lift und einen der wichtigsten Sporthafen Andalusiens.<\/p>\n<p>&nbsp;<\/p>\n<h2><span style=\"font-weight: 400;\">van der Ent bietet die folgenden Dienstleistungen f\u00fcr Ihren\u00a0<strong>Umzug nach Benalm\u00e1dena<\/strong>\u00a0an:<\/span><\/h2>\n<ul>\n<li>Komplette Umz\u00fcge nach Benalm\u00e1dena, Umz\u00fcge in einem anderen Viertel, einer anderen Gemeinde oder im Ausland.<\/li>\n<li>Umz\u00fcge von Privatpersonen und\u00a0<a href=\"https:\/\/vanderentmudanzas.com\/de\/firmenumzuge\/\">Firmen<\/a> nach Benalm\u00e1dena und\/oder die Costa del Sol.<\/li>\n<li>Kleine nationale und internationale Umz\u00fcge oder Sendungen.<\/li>\n<li><a href=\"https:\/\/vanderentmudanzas.com\/de\/van der Ent-zusatzleistungen\/#verpackungsmaterial\">Verpackungsservice<\/a>.<\/li>\n<li>Abholung des \u00fcbersch\u00fcssigen Verpackungsmaterials oder Materialresten.<\/li>\n<li>Service f\u00fcr <a href=\"https:\/\/vanderentmudanzas.com\/de\/individuelle-umzuege\/\">individuelle Umz\u00fcge oder Spezialumz\u00fcge.<\/a><\/li>\n<li><a href=\"https:\/\/vanderentmudanzas.com\/de\/van der Ent-zusatzleistungen\/#auf-und-abbauservice-von-mobeln\">Auf- und Abbauservice<\/a> von M\u00f6beln.<\/li>\n<li><a href=\"https:\/\/vanderentmudanzas.com\/de\/van der Ent-zusatzleistungen\/#mobellagerung-lagerung\">M\u00f6bellagerung<\/a> in der Gegend und in anderen St\u00e4dten Spaniens und Europas.<\/li>\n<li>Parkerlaubnis sowohl im Ursprungs-, als auch im Zielland.<\/li>\n<li>Au\u00dfenlifte.<\/li>\n<li><a href=\"https:\/\/vanderentmudanzas.com\/de\/van der Ent-zusatzleistungen\/#transport-von-fahrzeugen\">Transport Ihres Fahrzeugs<\/a> von oder nach Benalm\u00e1dena und die Costa del Sol.<\/li>\n<li>Versicherung und\u00a0Zusatzversicherung, damit Sie ganz beruhigt sein k\u00f6nnen.<\/li>\n<li><a href=\"https:\/\/vanderentmudanzas.com\/de\/van der Ent-zusatzleistungen\/#lufttransport-und-luftfracht\">Luftfracht<\/a>.<\/li>\n<li><a href=\"https:\/\/vanderentmudanzas.com\/de\/van der Ent-zusatzleistungen\/#uberseeumzuge-und-schiffscontainer\">Schiffscontainer<\/a>.<\/li>\n<li><a href=\"https:\/\/vanderentmudanzas.com\/de\/van der Ent-zusatzleistungen\/#zollabfertigung\">Zollabfertigung<\/a>.<\/li>\n<li>Kommunikation mit Personal, das mit Ihnen in vielen Sprachen spricht.<\/li>\n<li>Sonstige Zusatzleistungen.<\/li>\n<li><strong>Die Professionalit\u00e4t einer Firma mit Umzugserfahrung in der Gegend.<\/strong><\/li>\n<li>Die Erfahrung einer alteingesessenen Firma in <a href=\"https:\/\/vanderentmudanzas.com\/de\/internationale-umzuege\/\"><strong>internationalen Umz\u00fcgen<\/strong><\/a>.\u00a0<\/li>\n<\/ul>\n<p>Sprechen Sie \u00fcber Ihren\u00a0<strong>Umzug nach Benalm\u00e1dena<\/strong> mit unseren Beratern und fordern Sie Ihr unverbindliches Angebot an.<\/p>\n","protected":false},"excerpt":{"rendered":"<p>Wenn Sie \u00fcberlegen, nach Benalm\u00e1dena Pueblo, nach Arroyo de la Miel oder Benalm\u00e1dena Costa zu ziehen, sprechen Sie mit unseren Experten. Seit 1999 sind wir Marktf\u00fchrer bei Umz\u00fcgen an die Costa del Sol und wir sind ganz in der N\u00e4he in Mijas Costa. Wir bieten eine individuelle Beratung f\u00fcr Ihren ma\u00dfgeschneiderten Umzug nach Ihren W\u00fcnschen&hellip; <a class=\"more-link\" href=\"https:\/\/vanderentmudanzas.com\/de\/umzug-nach-benalmadena\/\"><span class=\"screen-reader-text\">Umzug nach Benalm\u00e1dena<\/span> weiterlesen<\/a><\/p>\n","protected":false},"author":1,"featured_media":4135,"comment_status":"open","ping_status":"open","sticky":false,"template":"","format":"standard","meta":{"_joinchat":[],"footnotes":""},"categories":[187],"tags":[273],"class_list":["post-4617","post","type-post","status-publish","format-standard","has-post-thumbnail","hentry","category-umzuge","tag-umzug-umzuge-ubertragung","entry"],"_links":{"self":[{"href":"https:\/\/vanderentmudanzas.com\/de\/wp-json\/wp\/v2\/posts\/4617","targetHints":{"allow":["GET"]}}],"collection":[{"href":"https:\/\/vanderentmudanzas.com\/de\/wp-json\/wp\/v2\/posts"}],"about":[{"href":"https:\/\/vanderentmudanzas.com\/de\/wp-json\/wp\/v2\/types\/post"}],"author":[{"embeddable":true,"href":"https:\/\/vanderentmudanzas.com\/de\/wp-json\/wp\/v2\/users\/1"}],"replies":[{"embeddable":true,"href":"https:\/\/vanderentmudanzas.com\/de\/wp-json\/wp\/v2\/comments?post=4617"}],"version-history":[{"count":0,"href":"https:\/\/vanderentmudanzas.com\/de\/wp-json\/wp\/v2\/posts\/4617\/revisions"}],"wp:featuredmedia":[{"embeddable":true,"href":"https:\/\/vanderentmudanzas.com\/de\/wp-json\/wp\/v2\/media\/4135"}],"wp:attachment":[{"href":"https:\/\/vanderentmudanzas.com\/de\/wp-json\/wp\/v2\/media?parent=4617"}],"wp:term":[{"taxonomy":"category","embeddable":true,"href":"https:\/\/vanderentmudanzas.com\/de\/wp-json\/wp\/v2\/categories?post=4617"},{"taxonomy":"post_tag","embeddable":true,"href":"https:\/\/vanderentmudanzas.com\/de\/wp-json\/wp\/v2\/tags?post=4617"}],"curies":[{"name":"wp","href":"https:\/\/api.w.org\/{rel}","templated":true}]}}