{"id":244,"count":1,"description":"","link":"https:\/\/vanderentmudanzas.com\/de\/tag\/schnellere-umzuge-umzug-internationale-umzuge-internationaler-umzug-nach-deutschland-montaje-y-desmontaje-de-muebles-mudanzas-nacionales-e-internacionales\/","name":"Schnellere Umz\u00fcge, Umz\u00fcg, internationale Umz\u00fcge, internationaler Umzug nach Deutschland, montaje y desmontaje de muebles, mudanzas nacionales e internacionales","slug":"schnellere-umzuge-umzug-internationale-umzuge-internationaler-umzug-nach-deutschland-montaje-y-desmontaje-de-muebles-mudanzas-nacionales-e-internacionales","taxonomy":"post_tag","meta":[],"_links":{"self":[{"href":"https:\/\/vanderentmudanzas.com\/de\/wp-json\/wp\/v2\/tags\/244","targetHints":{"allow":["GET"]}}],"collection":[{"href":"https:\/\/vanderentmudanzas.com\/de\/wp-json\/wp\/v2\/tags"}],"about":[{"href":"https:\/\/vanderentmudanzas.com\/de\/wp-json\/wp\/v2\/taxonomies\/post_tag"}],"wp:post_type":[{"href":"https:\/\/vanderentmudanzas.com\/de\/wp-json\/wp\/v2\/posts?tags=244"}],"curies":[{"name":"wp","href":"https:\/\/api.w.org\/{rel}","templated":true}]}}