{"id":1474,"date":"2022-05-26T07:03:25","date_gmt":"2022-05-26T07:03:25","guid":{"rendered":"https:\/\/hakotrans.madeinmedia.online\/?p=8059"},"modified":"2022-05-26T07:03:25","modified_gmt":"2022-05-26T07:03:25","slug":"como-decorar-tu-salon-tras-la-mudanza","status":"publish","type":"post","link":"https:\/\/vanderentmudanzas.com\/en\/como-decorar-tu-salon-tras-la-mudanza\/","title":{"rendered":"\u00bfC\u00f3mo decorar tu sal\u00f3n tras la mudanza?"},"content":{"rendered":"<p style=\"margin: 12.0pt 0cm 12.0pt 0cm;\"><span lang=\"ES-VE\" style=\"font-size: 11.0pt; font-family: 'Arial',sans-serif; color: black;\">Despu\u00e9s de realizar una mudanza, llega el momento de acomodar y decorar las habitaciones. Uno de los espacios m\u00e1s complicados es el sal\u00f3n, pero, <b>\u00bfc\u00f3mo decorar tu sal\u00f3n tras la mudanza<\/b>?<\/span><\/p>\n<p style=\"margin: 12.0pt 0cm 12.0pt 0cm;\"><span lang=\"ES-VE\" style=\"font-size: 11.0pt; font-family: 'Arial',sans-serif; color: black;\">Es una de las preguntas que a veces no sabemos c\u00f3mo responder, lo que se debe a que este espacio es importante para todos y debe promover la comodidad y el descanso.<\/span><\/p>\n<p style=\"margin: 12.0pt 0cm 12.0pt 0cm;\"><span lang=\"ES-VE\" style=\"font-size: 11.0pt; font-family: 'Arial',sans-serif; color: black;\">Pero, \u00bfC\u00f3mo lograr este objetivo?\u00a0 A continuaci\u00f3n, te damos varias ideas pr\u00e1cticas para que puedas decorar tu sal\u00f3n sin problemas.<\/span><\/p>\n<h2 style=\"margin: 18.0pt 0cm 4.0pt 0cm;\"><span lang=\"ES-VE\" style=\"font-size: 17.0pt; line-height: 107%; font-family: 'Arial',sans-serif; color: black;\">Ideas de c\u00f3mo decorar tu sal\u00f3n tras la mudanza<\/span><\/h2>\n<p style=\"margin: 12.0pt 0cm 12.0pt 0cm;\"><span lang=\"ES-VE\" style=\"font-size: 11.0pt; font-family: 'Arial',sans-serif; color: black;\">Las 9 ideas de c\u00f3mo decorar tu sal\u00f3n tras la <strong><a href=\"https:\/\/vanderentmudanzas.com\/mudanzas-malaga\/\">mudanza en M\u00e1laga<\/a> <\/strong>son muy sencillas de realizar y podr\u00e1s ponerte manos a la obra cuanto antes. Veamos de qu\u00e9 tratan.<\/span><\/p>\n<h3 style=\"margin: 14.0pt 0cm 4.0pt 0cm;\"><span lang=\"ES-VE\" style=\"font-size: 13.0pt; line-height: 107%; font-family: 'Arial',sans-serif; color: black;\">Los sof\u00e1s: ubicaci\u00f3n y estilo<\/span><\/h3>\n<p style=\"margin: 12.0pt 0cm 12.0pt 0cm;\"><span lang=\"ES-VE\" style=\"font-size: 11.0pt; font-family: 'Arial',sans-serif; color: black;\">Los sof\u00e1s son un punto clave en la decoraci\u00f3n. <b>Estos permiten lograr la tranquilidad y el confort que necesita tu sal\u00f3n<\/b>. Por lo que la mudanza ser\u00e1 una excelente oportunidad para renovarlos u obtener uno extra si cuentas con m\u00e1s espacio.<\/span><\/p>\n<p style=\"margin: 12.0pt 0cm 12.0pt 0cm;\"><span lang=\"ES-VE\" style=\"font-size: 11.0pt; font-family: 'Arial',sans-serif; color: black;\">Ten en cuenta que los sof\u00e1s modulares son lo \u00faltimo en tendencia y permiten crear una composici\u00f3n \u00fanica.<\/span><\/p>\n<p style=\"margin: 12.0pt 0cm 12.0pt 0cm;\"><span lang=\"ES-VE\" style=\"font-size: 11.0pt; font-family: 'Arial',sans-serif; color: black;\">Si por el contrario necesitas deshacerte de un sof\u00e1 puedes contratar el servicio de <strong><a href=\"https:\/\/vanderentmudanzas.com\/guardamuebles-torremolinos\/\">guardamuebles en Torremolinos<\/a> <\/strong><\/span><span lang=\"ES-VE\" style=\"font-size: 11.0pt; font-family: 'Arial',sans-serif; color: black;\">por si no lo quieres echar a la basura.<\/span><\/p>\n<h3 style=\"margin: 14.0pt 0cm 4.0pt 0cm;\"><span lang=\"ES-VE\" style=\"font-size: 13.0pt; line-height: 107%; font-family: 'Arial',sans-serif; color: black;\">Escoge un estilo para el sal\u00f3n<\/span><\/h3>\n<p style=\"margin: 12.0pt 0cm 12.0pt 0cm;\"><span lang=\"ES-VE\" style=\"font-size: 11.0pt; font-family: 'Arial',sans-serif; color: black;\">Para lograr un estilo \u00fanico puedes hacer una mezcla de estos. Combinar los estilos antiguos con los modernos ser\u00e1 muy elegante y original.<\/span><\/p>\n<p style=\"margin: 12.0pt 0cm 12.0pt 0cm;\"><span lang=\"ES-VE\" style=\"font-size: 11.0pt; font-family: 'Arial',sans-serif; color: black;\">Tambi\u00e9n se puede optar por emplear materiales similares y una gama de colores neutros. Recuerda que los colores claros aportan mayor amplitud y los oscuros hacen el espacio m\u00e1s peque\u00f1o.<\/span><\/p>\n<h3 style=\"margin: 14.0pt 0cm 4.0pt 0cm;\"><span lang=\"ES-VE\" style=\"font-size: 13.0pt; line-height: 107%; font-family: 'Arial',sans-serif; color: black;\">Utiliza cortinas, cojines y mantas<\/span><\/h3>\n<p style=\"margin: 12.0pt 0cm 12.0pt 0cm;\"><span lang=\"ES-VE\" style=\"font-size: 11.0pt; font-family: 'Arial',sans-serif; color: black;\">Las cortinas se pueden mezclar con estores que vayan de acuerdo a la decoraci\u00f3n. <b>Escoge colores neutros, tejidos ligeros y que estas no sean muy tupidas.<\/b><\/span><\/p>\n<p style=\"margin: 12.0pt 0cm 12.0pt 0cm;\"><span lang=\"ES-VE\" style=\"font-size: 11.0pt; font-family: 'Arial',sans-serif; color: black;\">\u00a0Por su parte, los cojines y las mantas deben ir en armon\u00eda con los colores de la decoraci\u00f3n.<\/span><\/p>\n<h3 style=\"margin: 14.0pt 0cm 4.0pt 0cm;\"><span lang=\"ES-VE\" style=\"font-size: 13.0pt; line-height: 107%; font-family: 'Arial',sans-serif; color: black;\">Combina librer\u00edas<\/span><\/h3>\n<p style=\"margin: 12.0pt 0cm 12.0pt 0cm;\"><span lang=\"ES-VE\" style=\"font-size: 11.0pt; font-family: 'Arial',sans-serif; color: black;\">Las librer\u00edas hacen que el espacio se vea m\u00e1s acogedor, sobre todo si son fabricadas a medida. Por lo que puedes aprovechar la mudanza para comprar una y que te la instalen con el servicio de handyman.<\/span><\/p>\n<h3 style=\"margin: 14.0pt 0cm 4.0pt 0cm;\"><span lang=\"ES-VE\" style=\"font-size: 13.0pt; line-height: 107%; font-family: 'Arial',sans-serif; color: black;\">Mant\u00e9n un buen espacio entre los muebles<\/span><\/h3>\n<p style=\"margin: 12.0pt 0cm 12.0pt 0cm;\"><span lang=\"ES-VE\" style=\"font-size: 11.0pt; font-family: 'Arial',sans-serif; color: black;\">Esto es muy importante, ya que <b>permitir\u00e1 el acceso de forma agradable entre los muebles<\/b>. Lo ideal es que dejes un m\u00ednimo de 80 cm entre cada mueble para que no estorben.<\/span><\/p>\n<h3 style=\"margin: 14.0pt 0cm 4.0pt 0cm;\"><span lang=\"ES-VE\" style=\"font-size: 13.0pt; line-height: 107%; font-family: 'Arial',sans-serif; color: black;\">Utiliza la televisi\u00f3n como otro elemento decorativo<\/span><\/h3>\n<p style=\"margin: 12.0pt 0cm 12.0pt 0cm;\"><span lang=\"ES-VE\" style=\"font-size: 11.0pt; font-family: 'Arial',sans-serif; color: black;\">Las televisiones modernas pueden enmarcarse en la pared para que se integren con el resto de la habitaci\u00f3n.<\/span><\/p>\n<h3 style=\"margin: 14.0pt 0cm 4.0pt 0cm;\"><span lang=\"ES-VE\" style=\"font-size: 13.0pt; line-height: 107%; font-family: 'Arial',sans-serif; color: black;\">Emplea espejos y ventanales<\/span><\/h3>\n<p style=\"margin: 12.0pt 0cm 12.0pt 0cm;\"><b><span lang=\"ES-VE\" style=\"font-size: 11.0pt; font-family: 'Arial',sans-serif; color: black;\">Estos aportan una mayor profundidad al espacio<\/span><\/b><span lang=\"ES-VE\" style=\"font-size: 11.0pt; font-family: 'Arial',sans-serif; color: black;\">. Si tienes la oportunidad, viste una pared con un espejo grande, pues te dar\u00e1 la apariencia de mayor amplitud.<\/span><\/p>\n<h3 style=\"margin: 14.0pt 0cm 4.0pt 0cm;\"><span lang=\"ES-VE\" style=\"font-size: 13.0pt; line-height: 107%; font-family: 'Arial',sans-serif; color: black;\">Coloca plantas y obras de arte<\/span><\/h3>\n<p style=\"margin: 12.0pt 0cm 12.0pt 0cm;\"><span lang=\"ES-VE\" style=\"font-size: 11.0pt; font-family: 'Arial',sans-serif; color: black;\">Las plantas dan vida al espacio, por lo que conseguir algunas que sean vistosas y vayan de acuerdo a la decoraci\u00f3n ser\u00e1 ideal, no obstante, si careces de luz natural para ellas, puedes comprar algunas de pl\u00e1stico.<\/span><\/p>\n<p style=\"margin: 12.0pt 0cm 12.0pt 0cm;\"><span lang=\"ES-VE\" style=\"font-size: 11.0pt; font-family: 'Arial',sans-serif; color: black;\">Tambi\u00e9n, puedes aprovechar la pared del sof\u00e1 para colocar una obra de arte, fotograf\u00eda bonita u otro para a\u00f1adir mayor atractivo.<\/span><\/p>\n<h3 style=\"margin: 14.0pt 0cm 4.0pt 0cm;\"><span lang=\"ES-VE\" style=\"font-size: 13.0pt; line-height: 107%; font-family: 'Arial',sans-serif; color: black;\">Recuerda que menos, es m\u00e1s<\/span><\/h3>\n<p style=\"margin: 12.0pt 0cm 12.0pt 0cm;\"><span lang=\"ES-VE\" style=\"font-size: 11.0pt; font-family: 'Arial',sans-serif; color: black;\">Este \u00faltimo consejo sobre c\u00f3mo decorar tu sal\u00f3n tras la mudanza es muy importante. Pues colocar demasiados elementos decorativos puede provocar una sensaci\u00f3n de agobio. Por lo que debes <b>mantener un equilibrio entre el espacio que tienes y el n\u00famero de muebles decorativos.<\/b><\/span><\/p>\n<h2 style=\"margin: 18.0pt 0cm 4.0pt 0cm;\"><span lang=\"ES-VE\" style=\"font-size: 17.0pt; line-height: 107%; font-family: 'Arial',sans-serif; color: black;\">\u00bfD\u00f3nde contratar el mejor servicio de mudanzas?<\/span><\/h2>\n<p style=\"margin: 12.0pt 0cm 12.0pt 0cm;\"><span lang=\"ES-VE\" style=\"font-size: 11.0pt; font-family: 'Arial',sans-serif; color: black;\">Adem\u00e1s, de conocer c\u00f3mo decorar tu sal\u00f3n tras la mudanza, tambi\u00e9n es importante contar con una buena planificaci\u00f3n de la misma. <b>Para tener una mudanza exitosa tiene que ponerte en<\/b><\/span><span lang=\"ES-VE\"> <a href=\"https:\/\/vanderentmudanzas.com\/contacto\/\"><b><span style=\"font-size: 11.0pt; font-family: 'Arial',sans-serif; color: #1155cc;\">contacto<\/span><\/b><\/a><\/span><b><span lang=\"ES-VE\" style=\"font-size: 11.0pt; font-family: 'Arial',sans-serif; color: black;\"> con <a href=\"https:\/\/vanderentmudanzas.com\/\">van der Ent<\/a><\/span><\/b><span lang=\"ES-VE\" style=\"font-size: 11.0pt; font-family: 'Arial',sans-serif; color: black;\">. Realizamos todo tipo de mudanzas para ti.<\/span><\/p>\n","protected":false},"excerpt":{"rendered":"<p>Despu\u00e9s de realizar una mudanza, llega el momento de acomodar y decorar las habitaciones. Uno de los espacios m\u00e1s complicados es el sal\u00f3n, pero, \u00bfc\u00f3mo decorar tu sal\u00f3n tras la mudanza? Es una de las preguntas que a veces no sabemos c\u00f3mo responder, lo que se debe a que este espacio es importante para todos&hellip; <a class=\"more-link\" href=\"https:\/\/vanderentmudanzas.com\/en\/como-decorar-tu-salon-tras-la-mudanza\/\">Continue reading <span class=\"screen-reader-text\">\u00bfC\u00f3mo decorar tu sal\u00f3n tras la mudanza?<\/span><\/a><\/p>\n","protected":false},"author":1,"featured_media":1192,"comment_status":"open","ping_status":"open","sticky":false,"template":"","format":"standard","meta":{"_joinchat":[],"footnotes":""},"categories":[69],"tags":[15,58,57,63],"class_list":["post-1474","post","type-post","status-publish","format-standard","has-post-thumbnail","hentry","category-sin-categoria","tag-empresa-de-mudanzas","tag-empresa-de-traslados","tag-guardamuebles","tag-vanderEnt","entry"],"_links":{"self":[{"href":"https:\/\/vanderentmudanzas.com\/en\/wp-json\/wp\/v2\/posts\/1474","targetHints":{"allow":["GET"]}}],"collection":[{"href":"https:\/\/vanderentmudanzas.com\/en\/wp-json\/wp\/v2\/posts"}],"about":[{"href":"https:\/\/vanderentmudanzas.com\/en\/wp-json\/wp\/v2\/types\/post"}],"author":[{"embeddable":true,"href":"https:\/\/vanderentmudanzas.com\/en\/wp-json\/wp\/v2\/users\/1"}],"replies":[{"embeddable":true,"href":"https:\/\/vanderentmudanzas.com\/en\/wp-json\/wp\/v2\/comments?post=1474"}],"version-history":[{"count":0,"href":"https:\/\/vanderentmudanzas.com\/en\/wp-json\/wp\/v2\/posts\/1474\/revisions"}],"wp:featuredmedia":[{"embeddable":true,"href":"https:\/\/vanderentmudanzas.com\/en\/wp-json\/wp\/v2\/media\/1192"}],"wp:attachment":[{"href":"https:\/\/vanderentmudanzas.com\/en\/wp-json\/wp\/v2\/media?parent=1474"}],"wp:term":[{"taxonomy":"category","embeddable":true,"href":"https:\/\/vanderentmudanzas.com\/en\/wp-json\/wp\/v2\/categories?post=1474"},{"taxonomy":"post_tag","embeddable":true,"href":"https:\/\/vanderentmudanzas.com\/en\/wp-json\/wp\/v2\/tags?post=1474"}],"curies":[{"name":"wp","href":"https:\/\/api.w.org\/{rel}","templated":true}]}}