{"id":4531,"date":"2018-10-08T22:50:12","date_gmt":"2018-10-08T22:50:12","guid":{"rendered":"https:\/\/hakotrans.madeinmedia.online\/removals-to-or-from-velez-malaga\/"},"modified":"2023-07-27T11:40:21","modified_gmt":"2023-07-27T11:40:21","slug":"removals-to-or-from-velez-malaga","status":"publish","type":"post","link":"https:\/\/vanderentmudanzas.com\/en\/removals-to-or-from-velez-malaga\/","title":{"rendered":"Choose removals from or to V\u00e9lez-M\u00e1laga with an experienced company"},"content":{"rendered":"<h2><strong>Experts in removals to or from V\u00e9lez-M\u00e1laga<\/strong><\/h2>\n<p>At <a href=\"https:\/\/vanderentmudanzas.com\/en\/\"><strong>van der Ent<\/strong> <\/a>we carry out removals to or from V\u00e9lez-M\u00e1laga, Torre del Mar and surrounding areas. We have specialised in local, national and international removals since 1999.<\/p>\n<h3><span style=\"font-weight: 400;\">For your <strong>move in V\u00e9lez-M\u00e1laga:<\/strong>:<\/span><\/h3>\n<ul>\n<li style=\"font-weight: 400;\"><span style=\"font-weight: 400;\">Removals to or from V\u00e9lez-M\u00e1laga, change of neighbourhood or town or removals abroad.<\/span><\/li>\n<li>Transfers or removals for individuals and <a href=\"https:\/\/vanderentmudanzas.com\/en\/corporate-removals\/\">companies<\/a>.<\/li>\n<li>Small removals or shipments nationals or internationals.<\/li>\n<li style=\"font-weight: 400;\"><a href=\"https:\/\/vanderentmudanzas.com\/en\/van der Ent-extra-services\/#packing-service\" target=\"_blank\" rel=\"noopener\">Packing service<\/a>.<\/li>\n<li>Collection of leftover packaging or material.<\/li>\n<li>Adapted or special removals service.<\/li>\n<li><a href=\"https:\/\/vanderentmudanzas.com\/en\/van der Ent-extra-services\/#assembly-and-disassembly\">Furniture assembly<\/a> and disassembly service.<\/li>\n<li>Furniture storage in the area and in other cities in Spain and other European destinations.<\/li>\n<li>Parking permit both in the country of origin and destination.<\/li>\n<li>External lifting devices.<\/li>\n<li><span style=\"font-weight: 400;\">Vehicle transport.<\/span><\/li>\n<li>Insurance and additional insurance for your peace of mind.<\/li>\n<li>Air freight.<\/li>\n<li>Shipping containers.<\/li>\n<li>Customs formalities.<\/li>\n<li><span style=\"font-weight: 400;\">Communications with staff in Spanish and English.<\/span><\/li>\n<li>Other courtesy services.<\/li>\n<li><span style=\"font-weight: 400;\">The professionalism of a company with experience in removals in the area.<\/span><\/li>\n<li>The experience of a company with extensive experience in international removals.<\/li>\n<\/ul>\n<p>Talk to our specialists for your<b> move in V\u00e9lez-M\u00e1laga.\u00a0<\/b><\/p>\n<p>&nbsp;<\/p>\n<p><strong>What is V\u00e9lez-M\u00e1laga like?<\/strong><\/p>\n<p><a href=\"https:\/\/es.wikipedia.org\/wiki\/V%C3%A9lez-M%C3%A1laga\"><strong>V\u00e9lez-M\u00e1laga<\/strong><\/a> is an Andalusian town in the province of M\u00e1laga and is the most important city in the region of La Axarqu\u00eda.<\/p>\n<p>It has a population of over 80,000, being the third largest town in the province in terms of population.<\/p>\n<p>V\u00e9lez is made up of several urban units, numerous coastal housing developments and inland farmhouses.<\/p>\n<p>The historic centre of V\u00e9lez-M\u00e1laga has been declared a site of historical-artistic interest. The city is home to a rich Mudejar and Baroque architectural heritage, with palaces, churches and monasteries scattered among the houses on picturesque streets.<\/p>\n<p>The <strong>tourist industry<\/strong> is the main productive sector of <strong>Velez-Malaga<\/strong>, followed by agriculture, which stands out for the production of subtropical crops such as mango, custard apple, and above all, avocado.<\/p>\n<p>The Port of La Caleta is home to the<strong> largest fishing fleet in the province.<\/strong><\/p>\n<p>Talk to our advisors to help you with your <strong>removal to or from V\u00e9lez-M\u00e1laga.<\/strong><\/p>\n","protected":false},"excerpt":{"rendered":"<p>Experts in removals to or from V\u00e9lez-M\u00e1laga At van der Ent we carry out removals to or from V\u00e9lez-M\u00e1laga, Torre del Mar and surrounding areas. We have specialised in local, national and international removals since 1999. For your move in V\u00e9lez-M\u00e1laga:: Removals to or from V\u00e9lez-M\u00e1laga, change of neighbourhood or town or removals abroad. Transfers&hellip; <a class=\"more-link\" href=\"https:\/\/vanderentmudanzas.com\/en\/removals-to-or-from-velez-malaga\/\">Continue reading <span class=\"screen-reader-text\">Choose removals from or to V\u00e9lez-M\u00e1laga with an experienced company<\/span><\/a><\/p>\n","protected":false},"author":1,"featured_media":5042,"comment_status":"open","ping_status":"open","sticky":false,"template":"","format":"standard","meta":{"_joinchat":[],"footnotes":""},"categories":[202],"tags":[366],"class_list":["post-4531","post","type-post","status-publish","format-standard","has-post-thumbnail","hentry","category-blog-removals","tag-removals-mudanzas-traslados","entry"],"_links":{"self":[{"href":"https:\/\/vanderentmudanzas.com\/en\/wp-json\/wp\/v2\/posts\/4531","targetHints":{"allow":["GET"]}}],"collection":[{"href":"https:\/\/vanderentmudanzas.com\/en\/wp-json\/wp\/v2\/posts"}],"about":[{"href":"https:\/\/vanderentmudanzas.com\/en\/wp-json\/wp\/v2\/types\/post"}],"author":[{"embeddable":true,"href":"https:\/\/vanderentmudanzas.com\/en\/wp-json\/wp\/v2\/users\/1"}],"replies":[{"embeddable":true,"href":"https:\/\/vanderentmudanzas.com\/en\/wp-json\/wp\/v2\/comments?post=4531"}],"version-history":[{"count":1,"href":"https:\/\/vanderentmudanzas.com\/en\/wp-json\/wp\/v2\/posts\/4531\/revisions"}],"predecessor-version":[{"id":5041,"href":"https:\/\/vanderentmudanzas.com\/en\/wp-json\/wp\/v2\/posts\/4531\/revisions\/5041"}],"wp:featuredmedia":[{"embeddable":true,"href":"https:\/\/vanderentmudanzas.com\/en\/wp-json\/wp\/v2\/media\/5042"}],"wp:attachment":[{"href":"https:\/\/vanderentmudanzas.com\/en\/wp-json\/wp\/v2\/media?parent=4531"}],"wp:term":[{"taxonomy":"category","embeddable":true,"href":"https:\/\/vanderentmudanzas.com\/en\/wp-json\/wp\/v2\/categories?post=4531"},{"taxonomy":"post_tag","embeddable":true,"href":"https:\/\/vanderentmudanzas.com\/en\/wp-json\/wp\/v2\/tags?post=4531"}],"curies":[{"name":"wp","href":"https:\/\/api.w.org\/{rel}","templated":true}]}}