{"id":4542,"date":"2018-10-08T17:54:27","date_gmt":"2018-10-08T17:54:27","guid":{"rendered":"https:\/\/hakotrans.madeinmedia.online\/removals-to-or-from-the-costa-tropical-granada\/"},"modified":"2023-07-27T11:40:31","modified_gmt":"2023-07-27T11:40:31","slug":"removals-to-or-from-the-costa-tropical-granada","status":"publish","type":"post","link":"https:\/\/vanderentmudanzas.com\/en\/removals-to-or-from-the-costa-tropical-granada\/","title":{"rendered":"Removals to or from the Costa Tropical (Granada)"},"content":{"rendered":"<p>Make your <strong>move on the Costa Tropical<\/strong> with the best, <strong>van der Ent<\/strong>. We advise you on everything. We have storage and packaging services, among many others. We have\u00a0extensive experience in the area. For our proximity and professionalism, we recommend you to <a href=\"https:\/\/vanderentmudanzas.com\/en\/contact\/\">contact us<\/a>.<\/p>\n<h3><strong>Costa Tropical (Granada)<\/strong><\/h3>\n<p>The Costa Tropical or<strong> Costa Granadina<\/strong> is a region of Granada. The Costa Tropical borders Almeria, Malaga and the Mediterranean Sea.<\/p>\n<p>It is made up of 17 municipalities of which <strong>Motril<\/strong> is <strong>the most populous<\/strong>. The municipalities that make up the Costa Tropical or Costa Granadina are: Albond\u00f3n, Albu\u00f1ol, Almu\u00f1\u00e9car, Los Gu\u00e1jares, Gualchos, \u00cdtrabo, Jete, Lenteg\u00ed, L\u00fajar, Molv\u00edzar, Motril, Ot\u00edvar, Polopos, Rubite, Salobre\u00f1a, Sorvil\u00e1n and V\u00e9lez de Benaudalla.<\/p>\n<h2><span style=\"font-weight: 400;\">Services offered by van der Ent for <strong>your move to or from the Costa Tropical<\/strong>:<\/span><\/h2>\n<ul>\n<li style=\"font-weight: 400;\"><span style=\"font-weight: 400;\">Removals to or from the Costa Tropical (Granada), removals to another neighbourhood, town or abroad.<\/span><\/li>\n<li>Transfers or removals for individuals and <a href=\"https:\/\/vanderentmudanzas.com\/en\/corporate-removals\/\">companies<\/a>.<\/li>\n<li>Small national and international removals or shipments.<\/li>\n<li><a href=\"https:\/\/vanderentmudanzas.com\/en\/van der Ent-extra-services\/#packing-service\" target=\"_blank\" rel=\"noopener\">Packing service<\/a>.<\/li>\n<li>Collection of leftover packaging or material.<\/li>\n<li><a href=\"https:\/\/vanderentmudanzas.com\/en\/adapted-removals\/\" target=\"_blank\" rel=\"noopener\">Adapted or special removals<\/a> service.<\/li>\n<li>Furniture assembly and disassembly service.<\/li>\n<li>Furniture storage in the area and in other cities in Spain and other European destinations.<\/li>\n<li>Parking permit both in the country of origin and destination.<\/li>\n<li>External lifting devices.<\/li>\n<li><a href=\"https:\/\/vanderentmudanzas.com\/en\/van der Ent-extra-services\/#vehicle-transport\" target=\"_blank\" rel=\"noopener\">Vehicle transport<\/a> to or from Costa Tropical.<\/li>\n<li>Insurance and additional insurance for your peace of mind.<\/li>\n<li>Air freight.<\/li>\n<li>Shipping containers.<\/li>\n<li><a href=\"https:\/\/vanderentmudanzas.com\/en\/van der Ent-extra-services\/#customs-formalities\" target=\"_blank\" rel=\"noopener\">Customs formalities<\/a>.<\/li>\n<li>Communications with staff in Spanish and English.<\/li>\n<li>Other courtesy services.<\/li>\n<li>The professionalism of a company with experience in removals in the area.<\/li>\n<li>The experience of a company with extensive experience in international removals.\u00a0<\/li>\n<\/ul>\n<p>Have not you decided yet? Get in touch with <strong>van der Ent<\/strong> without obligation. We will inform you of everything and we will make a <strong>customized quote<\/strong> for your <strong>move in The Costa Tropical<\/strong>.<\/p>\n","protected":false},"excerpt":{"rendered":"<p>Make your move on the Costa Tropical with the best, van der Ent. We advise you on everything. We have storage and packaging services, among many others. We have\u00a0extensive experience in the area. For our proximity and professionalism, we recommend you to contact us. Costa Tropical (Granada) The Costa Tropical or Costa Granadina is a&hellip; <a class=\"more-link\" href=\"https:\/\/vanderentmudanzas.com\/en\/removals-to-or-from-the-costa-tropical-granada\/\">Continue reading <span class=\"screen-reader-text\">Removals to or from the Costa Tropical (Granada)<\/span><\/a><\/p>\n","protected":false},"author":1,"featured_media":5097,"comment_status":"open","ping_status":"open","sticky":false,"template":"","format":"standard","meta":{"_joinchat":[],"footnotes":""},"categories":[197],"tags":[377],"class_list":["post-4542","post","type-post","status-publish","format-standard","has-post-thumbnail","hentry","category-removals-removals-main-local-destinations","tag-removals-mudanzas-national-move-removals-in-costa-tropical","entry"],"_links":{"self":[{"href":"https:\/\/vanderentmudanzas.com\/en\/wp-json\/wp\/v2\/posts\/4542","targetHints":{"allow":["GET"]}}],"collection":[{"href":"https:\/\/vanderentmudanzas.com\/en\/wp-json\/wp\/v2\/posts"}],"about":[{"href":"https:\/\/vanderentmudanzas.com\/en\/wp-json\/wp\/v2\/types\/post"}],"author":[{"embeddable":true,"href":"https:\/\/vanderentmudanzas.com\/en\/wp-json\/wp\/v2\/users\/1"}],"replies":[{"embeddable":true,"href":"https:\/\/vanderentmudanzas.com\/en\/wp-json\/wp\/v2\/comments?post=4542"}],"version-history":[{"count":1,"href":"https:\/\/vanderentmudanzas.com\/en\/wp-json\/wp\/v2\/posts\/4542\/revisions"}],"predecessor-version":[{"id":5096,"href":"https:\/\/vanderentmudanzas.com\/en\/wp-json\/wp\/v2\/posts\/4542\/revisions\/5096"}],"wp:featuredmedia":[{"embeddable":true,"href":"https:\/\/vanderentmudanzas.com\/en\/wp-json\/wp\/v2\/media\/5097"}],"wp:attachment":[{"href":"https:\/\/vanderentmudanzas.com\/en\/wp-json\/wp\/v2\/media?parent=4542"}],"wp:term":[{"taxonomy":"category","embeddable":true,"href":"https:\/\/vanderentmudanzas.com\/en\/wp-json\/wp\/v2\/categories?post=4542"},{"taxonomy":"post_tag","embeddable":true,"href":"https:\/\/vanderentmudanzas.com\/en\/wp-json\/wp\/v2\/tags?post=4542"}],"curies":[{"name":"wp","href":"https:\/\/api.w.org\/{rel}","templated":true}]}}