{"id":7237,"date":"2024-01-24T07:58:27","date_gmt":"2024-01-24T07:58:27","guid":{"rendered":"https:\/\/vanderentmudanzas.com\/?p=7237"},"modified":"2024-01-24T07:58:27","modified_gmt":"2024-01-24T07:58:27","slug":"como-planificar-mi-mudanza-en-malaga","status":"publish","type":"post","link":"https:\/\/vanderentmudanzas.com\/en\/como-planificar-mi-mudanza-en-malaga\/","title":{"rendered":"\u00bfC\u00f3mo planificar mi mudanza en M\u00e1laga?"},"content":{"rendered":"\n<p>Mudarse es un proceso que, seg\u00fan las circunstancias y personalidad de cada persona, se puede afrontar de una manera u otra: con emoci\u00f3n, con pena, con alegr\u00eda, con entusiasmo,&#8230; No obstante, de lo que no cabe duda, es de que<strong>&nbsp;es un proceso que puede ser abrumador y de que todo el mundo espera que salga lo mejor posible.<\/strong><\/p>\n\n\n\n<p>En el caso de una&nbsp;<a href=\"https:\/\/vanderentmudanzas.com\/mudanzas-malaga\/\">mudanza en M\u00e1laga<\/a>, una ciudad llena de encanto y de alto crecimiento en la actualidad, es fundamental&nbsp;<strong>seguir una estrategia bien planeada, pensada y bien definida<\/strong>&nbsp;para garantizar un traslado sin complicaciones.<\/p>\n\n\n\n<p>Si quieres saber&nbsp;<strong>c\u00f3mo planificar tu mudanza de manera eficiente,&nbsp;<\/strong>\u00a1no puedes perderte este art\u00edculo!<\/p>\n\n\n\n<h2 class=\"wp-block-heading\">\u00bfQu\u00e9 se lleva primero en una mudanza?<\/h2>\n\n\n\n<p>Es el momento de&nbsp;<strong>guardar toda tu vida en cajas.<\/strong>&nbsp;Algunas prendas u objetos decidir\u00e1s donarlos, regalarlos o venderlos pero, los que te quedes\u2026 \u00bfQu\u00e9 es lo primero que deber\u00edas llevarte?<\/p>\n\n\n\n<ol class=\"wp-block-list\">\n<li><strong>Art\u00edculos esenciales.<\/strong>&nbsp;Comienza por elementos fundamentales que necesitar\u00e1s de inmediato en tu nuevo hogar: ropa, productos de higiene personal, documentos importantes, medicamentos de uso diario (en el caso de que los necesites)&#8230;<\/li>\n\n\n\n<li><strong>Temporada actual.&nbsp;<\/strong>Ten en cuenta la estacionalidad y empaca en base a ello. Por ejemplo, si te mudas en invierno, aseg\u00farate de tener a mano ropa abrigada para soportar las bajas temperaturas.<\/li>\n\n\n\n<li><strong>Objetos de valor.<\/strong>&nbsp;Existen muchos objetos que conservamos en casa con un alto valor sentimental: fotograf\u00edas, regalos, joyas, recuerdos de viajes, cuadros\u2026 Aseg\u00farate de llevarlos contigo y empacarlos de manera segura.<\/li>\n\n\n\n<li><strong>Electrodom\u00e9sticos y mobiliarios b\u00e1sicos.<\/strong>&nbsp;Siempre es \u00fatil llevar primero electrodom\u00e9sticos esenciales como el microondas, cafeteras o sof\u00e1s.<\/li>\n\n\n\n<li><strong>Ropa de cama y art\u00edculos para el hogar.&nbsp;<\/strong>Estos elementos son esenciales para la comodidad diaria.<\/li>\n<\/ol>\n\n\n\n<p>Recuerda que con una&nbsp;<strong>empresa de mudanzas como van der Ent,<\/strong>&nbsp;podr\u00e1s tener todos tus bienes en tu nuevo hogar en un mismo per\u00edodo de tiempo.<\/p>\n\n\n\n<h2 class=\"wp-block-heading\">5 pasos para organizar correctamente tu mudanza<\/h2>\n\n\n\n<p>Estos son los cinco pasos fundamentales para garantizar que todo salga seg\u00fan lo planeado en tu&nbsp;<strong>mudanza a M\u00e1laga:<\/strong><\/p>\n\n\n\n<h3 class=\"wp-block-heading\">#1 Hacer un inventario<\/h3>\n\n\n\n<p>Es fundamental que hagas un inventario detallado de toda tu ropa y art\u00edculos para saber&nbsp;<strong>qu\u00e9 es lo que realmente necesitas y quieres trasladar a tu nuevo hogar.<\/strong><\/p>\n\n\n\n<p>Recuerda que, antes de tirar, puedes considerar&nbsp;<strong>donar, regalar o vender aquello que ya no necesites<\/strong>&nbsp;si se encuentra en buen estado.<\/p>\n\n\n\n<h3 class=\"wp-block-heading\">#2 Etiquetar las cajas<\/h3>\n\n\n\n<p>Etiqueta cada caja dejando claro&nbsp;<strong>qu\u00e9 contiene y a qu\u00e9 habitaci\u00f3n pertenece<\/strong>. Lo que supone un peque\u00f1o esfuerzo en el presente, agilizar\u00e1 mucho el proceso de desempaque en el futuro. Lo agradecer\u00e1s.<\/p>\n\n\n\n<h3 class=\"wp-block-heading\">#3 Contratar una empresa de mudanzas<\/h3>\n\n\n\n<p>No te preocupes por nada de tu mudanza y&nbsp;<strong>conf\u00eda en una empresa de mudanzas a la altura de van der Ent.<\/strong>&nbsp;Contar con profesionales con experiencia har\u00e1n de esta experiencia un proceso m\u00e1s eficiente y menos estresante.<\/p>\n\n\n\n<h3 class=\"wp-block-heading\">#4 Planificar con tiempo<\/h3>\n\n\n\n<p>Es fundamental planificar la mudanza con antelaci\u00f3n y&nbsp;<strong>establecer un cronograma realista.&nbsp;<\/strong>Aborda este asunto con la empresa de mudanzas.<\/p>\n\n\n\n<h3 class=\"wp-block-heading\">#5 Asegurar el embalaje adecuado<\/h3>\n\n\n\n<p>Usar materiales de embalaje adecuados es fundamental para proteger tus pertenencias.&nbsp;<strong>Usa cajas resistentes, material de relleno y cinta adhesiva para asegurar el \u00e9xito de tu mudanza<\/strong>&nbsp;y conservar el buen estado de tus bienes.&nbsp;<\/p>\n\n\n\n<h2 class=\"wp-block-heading\">\u00bfCu\u00e1nto se tarda en organizar una mudanza?<\/h2>\n\n\n\n<p>La duraci\u00f3n de la organizaci\u00f3n de una mudanza en M\u00e1laga puede variar dependiendo de muchos factores como&nbsp;<strong>la distancia de traslado o la cantidad de pertenencias<\/strong>&nbsp;que se quiera llevar de un lado a otro.<\/p>\n\n\n\n<p>No obstante, se recomienda empezar a planificar la mudanza al menos dos meses antes de la fecha de la misma.<strong>&nbsp;En van der Ent te damos un tiempo estimado&nbsp;<\/strong>y nos adaptamos a tus necesidades.<\/p>\n\n\n\n<h2 class=\"wp-block-heading\">\u00bfPor qu\u00e9 mudarse a M\u00e1laga es una excelente opci\u00f3n?<\/h2>\n\n\n\n<p>M\u00e1laga es conocida por su clima, ambiente y gastronom\u00eda. Sin duda, es un destino popular para aquellos que buscan calidad de vida. Estas son algunas de las&nbsp;<strong>principales razones por las que mudarse a M\u00e1laga:<\/strong><\/p>\n\n\n\n<h3 class=\"wp-block-heading\">#1 Clima agradable<\/h3>\n\n\n\n<p>M\u00e1laga disfruta de un clima mediterr\u00e1neo con<strong>&nbsp;inviernos suaves y veranos c\u00e1lidos.<\/strong>&nbsp;Disfruta de un promedio de 300 d\u00edas de sol al a\u00f1o.<\/p>\n\n\n\n<h3 class=\"wp-block-heading\">#2 Cultura y tradici\u00f3n<\/h3>\n\n\n\n<p>Museos, festivales, eventos culturales, conciertos y arquitectura hist\u00f3rica. La ciudad alberga la famosa&nbsp;<strong>Alcazaba y la Catedral de M\u00e1laga.<\/strong><\/p>\n\n\n\n<h3 class=\"wp-block-heading\">#3 Gastronom\u00eda excepcional<\/h3>\n\n\n\n<p>Si quieres comer bien, la cocina malague\u00f1a no deja indiferente a nadie. Desde pescado fresco a tapas tradicionales,&nbsp;<strong>M\u00e1laga ofrece una experiencia culinaria fascinante.<\/strong><\/p>\n\n\n\n<h3 class=\"wp-block-heading\">#4 Playas incre\u00edbles<\/h3>\n\n\n\n<p>M\u00e1laga cuenta con&nbsp;<strong>varios kil\u00f3metros de arena dorada a lo largo de la Costa del Sol,<\/strong>&nbsp;disfruta de sus playas no s\u00f3lo en la capital, sino tambi\u00e9n en zonas con m\u00e1s encanto de su alrededor.<\/p>\n\n\n\n<h3 class=\"wp-block-heading\">#5 Estilo de vida relajado<\/h3>\n\n\n\n<p>Los malague\u00f1os tienen una actitud amigable y relajada, contribuyendo a un&nbsp;<strong>estilo de vida agradable y tranquilo.<\/strong>&nbsp;La ciudad, adem\u00e1s, ofrece una gran variedad de actividades recreativas para todos los gustos.<\/p>\n\n\n\n<h2 class=\"wp-block-heading\">van der Ent: empresa de mudanzas en M\u00e1laga<\/h2>\n\n\n\n<p>Contar con una<strong>&nbsp;empresa de mudanzas en M\u00e1laga<\/strong>&nbsp;marca la diferencia entre una experiencia de mudanza estresante y una transici\u00f3n agradable.<\/p>\n\n\n\n<p>En van der Ent contamos con un<strong>&nbsp;equipo de profesionales experimentados y con larga trayectoria<\/strong>&nbsp;que har\u00e1 de tu mudanza un proceso f\u00e1cil y sencillo. Cont\u00e1ctanos, conf\u00eda en nosotros y no te preocupes por nada. \u00a1Te esperamos!<\/p>\n","protected":false},"excerpt":{"rendered":"<p>Mudarse es un proceso que, seg\u00fan las circunstancias y personalidad de cada persona, se puede afrontar de una manera u otra: con emoci\u00f3n, con pena, con alegr\u00eda, con entusiasmo,&#8230; No obstante, de lo que no cabe duda, es de que&nbsp;es un proceso que puede ser abrumador y de que todo el mundo espera que salga&hellip; <a class=\"more-link\" href=\"https:\/\/vanderentmudanzas.com\/en\/como-planificar-mi-mudanza-en-malaga\/\">Continue reading <span class=\"screen-reader-text\">\u00bfC\u00f3mo planificar mi mudanza en M\u00e1laga?<\/span><\/a><\/p>\n","protected":false},"author":1,"featured_media":7238,"comment_status":"closed","ping_status":"closed","sticky":false,"template":"","format":"standard","meta":{"_joinchat":[],"footnotes":""},"categories":[10],"tags":[420,97,396],"class_list":["post-7237","post","type-post","status-publish","format-standard","has-post-thumbnail","hentry","category-mudanzas","tag-empresa-de-mudanzas-en-malaga","tag-empresas-mudanzas-nacionales","tag-mudanzas-malaga","entry"],"_links":{"self":[{"href":"https:\/\/vanderentmudanzas.com\/en\/wp-json\/wp\/v2\/posts\/7237","targetHints":{"allow":["GET"]}}],"collection":[{"href":"https:\/\/vanderentmudanzas.com\/en\/wp-json\/wp\/v2\/posts"}],"about":[{"href":"https:\/\/vanderentmudanzas.com\/en\/wp-json\/wp\/v2\/types\/post"}],"author":[{"embeddable":true,"href":"https:\/\/vanderentmudanzas.com\/en\/wp-json\/wp\/v2\/users\/1"}],"replies":[{"embeddable":true,"href":"https:\/\/vanderentmudanzas.com\/en\/wp-json\/wp\/v2\/comments?post=7237"}],"version-history":[{"count":1,"href":"https:\/\/vanderentmudanzas.com\/en\/wp-json\/wp\/v2\/posts\/7237\/revisions"}],"predecessor-version":[{"id":7242,"href":"https:\/\/vanderentmudanzas.com\/en\/wp-json\/wp\/v2\/posts\/7237\/revisions\/7242"}],"wp:featuredmedia":[{"embeddable":true,"href":"https:\/\/vanderentmudanzas.com\/en\/wp-json\/wp\/v2\/media\/7238"}],"wp:attachment":[{"href":"https:\/\/vanderentmudanzas.com\/en\/wp-json\/wp\/v2\/media?parent=7237"}],"wp:term":[{"taxonomy":"category","embeddable":true,"href":"https:\/\/vanderentmudanzas.com\/en\/wp-json\/wp\/v2\/categories?post=7237"},{"taxonomy":"post_tag","embeddable":true,"href":"https:\/\/vanderentmudanzas.com\/en\/wp-json\/wp\/v2\/tags?post=7237"}],"curies":[{"name":"wp","href":"https:\/\/api.w.org\/{rel}","templated":true}]}}